{"id":204751,"date":"2011-01-20T00:00:00","date_gmt":"2011-01-20T00:00:00","guid":{"rendered":"https:\/\/www.ecuadortimes.net\/es\/luis-noboa-negocia-la-contratacion-de-mendez-para-barcelona\/"},"modified":"2011-01-20T00:00:00","modified_gmt":"2011-01-20T00:00:00","slug":"luis-noboa-negocia-la-contratacion-de-mendez-para-barcelona","status":"publish","type":"post","link":"https:\/\/www.ecuadortimes.net\/es\/luis-noboa-negocia-la-contratacion-de-mendez-para-barcelona\/","title":{"rendered":"Luis Noboa negocia la contrataci\u00f3n de M\u00e9ndez para Barcelona"},"content":{"rendered":"<p><a rel=\"attachment wp-att-14386\" href=\"http:\/\/www.ecuadortimes.net\/es\/2011\/01\/20\/luis-noboa-negocia-la-contratacion-de-mendez-para-barcelona\/1671977289-2\/\"><img loading=\"lazy\" class=\"alignleft size-medium wp-image-14386\" src=\"https:\/\/www.ecuadortimes.net\/es\/wp-content\/uploads\/2011\/01\/16719772891-218x300.jpg\" alt=\"\" width=\"153\" height=\"210\" \/><\/a>El candidato para la presidencia de Barcelona, Luis Noboa ratific\u00f3 que las negociaciones para contratar al volante ecuatoriano Edison M\u00e9ndez, contin\u00faan. El jugador dej\u00f3 el equipo Atl\u00e9tico Mineiro de Brasil.<\/p>\n<p>Mientras tanto Noboa insiste que no hay condiciones al presidente de Barcelona Alfonso Harb para que M\u00e9ndez juegue en el equipo torero esta temporada.<\/p>\n<p>Han hablado algunas cosas, que he puesto condiciones, y no es as\u00ed. La intenci\u00f3n es ayudar a Barcelona y esperamos que en dos semanas lo podamos tener en el equipo\u009d, a\u00f1adi\u00f3 Noboa.<\/p>\n<p>Noboa inform\u00f3 que las negociaciones con el jugador de f\u00fatbol comenzaron en diciembre; mientras que M\u00e9ndez expres\u00f3 su deseo de ser parte de un gran equipo como Barcelona.<\/p>\n","protected":false},"excerpt":{"rendered":"<p>El candidato para la presidencia de Barcelona, Luis Noboa ratific\u00f3 que las negociaciones para contratar al volante ecuatoriano Edison M\u00e9ndez, contin\u00faan. El jugador dej\u00f3 el equipo Atl\u00e9tico Mineiro de Brasil. Mientras tanto Noboa insiste que no hay condiciones al presidente de Barcelona Alfonso Harb para que M\u00e9ndez juegue en el equipo torero esta temporada. Han hablado algunas cosas, que he puesto condiciones, y no es as\u00ed. La intenci\u00f3n es ayudar a Barcelona y esperamos que en dos semanas lo podamos tener en el equipo\u009d, a\u00f1adi\u00f3 Noboa. Noboa inform\u00f3 que las negociaciones con el jugador de f\u00fatbol comenzaron en diciembre; mientras que M\u00e9ndez expres\u00f3 su deseo de ser parte de un gran equipo como Barcelona.<\/p>\n","protected":false},"author":1,"featured_media":204752,"comment_status":"open","ping_status":"open","sticky":false,"template":"","format":"standard","meta":[],"categories":[38,37],"tags":[],"_links":{"self":[{"href":"https:\/\/www.ecuadortimes.net\/es\/wp-json\/wp\/v2\/posts\/204751"}],"collection":[{"href":"https:\/\/www.ecuadortimes.net\/es\/wp-json\/wp\/v2\/posts"}],"about":[{"href":"https:\/\/www.ecuadortimes.net\/es\/wp-json\/wp\/v2\/types\/post"}],"author":[{"embeddable":true,"href":"https:\/\/www.ecuadortimes.net\/es\/wp-json\/wp\/v2\/users\/1"}],"replies":[{"embeddable":true,"href":"https:\/\/www.ecuadortimes.net\/es\/wp-json\/wp\/v2\/comments?post=204751"}],"version-history":[{"count":0,"href":"https:\/\/www.ecuadortimes.net\/es\/wp-json\/wp\/v2\/posts\/204751\/revisions"}],"wp:featuredmedia":[{"embeddable":true,"href":"https:\/\/www.ecuadortimes.net\/es\/wp-json\/wp\/v2\/media\/204752"}],"wp:attachment":[{"href":"https:\/\/www.ecuadortimes.net\/es\/wp-json\/wp\/v2\/media?parent=204751"}],"wp:term":[{"taxonomy":"category","embeddable":true,"href":"https:\/\/www.ecuadortimes.net\/es\/wp-json\/wp\/v2\/categories?post=204751"},{"taxonomy":"post_tag","embeddable":true,"href":"https:\/\/www.ecuadortimes.net\/es\/wp-json\/wp\/v2\/tags?post=204751"}],"curies":[{"name":"wp","href":"https:\/\/api.w.org\/{rel}","templated":true}]}}