{"id":204753,"date":"2011-01-20T00:00:00","date_gmt":"2011-01-20T00:00:00","guid":{"rendered":"https:\/\/www.ecuadortimes.net\/es\/fallecio-el-empresario-ismael-perez-p\/"},"modified":"2011-01-20T00:00:00","modified_gmt":"2011-01-20T00:00:00","slug":"fallecio-el-empresario-ismael-perez-p","status":"publish","type":"post","link":"https:\/\/www.ecuadortimes.net\/es\/fallecio-el-empresario-ismael-perez-p\/","title":{"rendered":"Falleci\u00f3 el empresario Ismael P\u00e9rez P."},"content":{"rendered":"<p>Ayer en Guayaquil muri\u00f3 el empresario Ismael Olmedo P\u00e9rez Perasso, quien naci\u00f3 el 14 de Diciembre de 1930 en el hogar del periodista Ismael P\u00e9rez Castro, ex director gerente de Diario EL UNIVERSO, y Mar\u00eda Teresa Perasso Carmigniani.<\/p>\n<p>El empresario fund\u00f3 empresas como el Canal 10 TV, ahora TC, del que fue mentalizador, propietario y primer gerente; perteneci\u00f3 a instituciones como el Country Club, Club de la Uni\u00f3n y Club Rotario Guayaquil.<\/p>\n<p>Sus restos reciben velaci\u00f3n en la Sala Exclusiva N\u00ba 2 de la Junta de Beneficencia y hoy, luego de una misa a las 16:00, ser\u00e1 sepultado a las 17:00 en el mausoleo de la familia P\u00e9rez Perasso, en el Cementerio General.<\/p>\n<p>Fuente: El Universo<\/p>\n","protected":false},"excerpt":{"rendered":"<p>Ayer en Guayaquil muri\u00f3 el empresario Ismael Olmedo P\u00e9rez Perasso, quien naci\u00f3 el 14 de Diciembre de 1930 en el hogar del periodista Ismael P\u00e9rez Castro, ex director gerente de Diario EL UNIVERSO, y Mar\u00eda Teresa Perasso Carmigniani. El empresario fund\u00f3 empresas como el Canal 10 TV, ahora TC, del que fue mentalizador, propietario y primer gerente; perteneci\u00f3 a instituciones como el Country Club, Club de la Uni\u00f3n y Club Rotario Guayaquil. Sus restos reciben velaci\u00f3n en la Sala Exclusiva N\u00ba 2 de la Junta de Beneficencia y hoy, luego de una misa a las 16:00, ser\u00e1 sepultado a las 17:00 en el mausoleo de la familia P\u00e9rez Perasso, en el Cementerio General. Fuente: El Universo<\/p>\n","protected":false},"author":1,"featured_media":204754,"comment_status":"open","ping_status":"open","sticky":false,"template":"","format":"standard","meta":[],"categories":[35,37],"tags":[],"_links":{"self":[{"href":"https:\/\/www.ecuadortimes.net\/es\/wp-json\/wp\/v2\/posts\/204753"}],"collection":[{"href":"https:\/\/www.ecuadortimes.net\/es\/wp-json\/wp\/v2\/posts"}],"about":[{"href":"https:\/\/www.ecuadortimes.net\/es\/wp-json\/wp\/v2\/types\/post"}],"author":[{"embeddable":true,"href":"https:\/\/www.ecuadortimes.net\/es\/wp-json\/wp\/v2\/users\/1"}],"replies":[{"embeddable":true,"href":"https:\/\/www.ecuadortimes.net\/es\/wp-json\/wp\/v2\/comments?post=204753"}],"version-history":[{"count":0,"href":"https:\/\/www.ecuadortimes.net\/es\/wp-json\/wp\/v2\/posts\/204753\/revisions"}],"wp:featuredmedia":[{"embeddable":true,"href":"https:\/\/www.ecuadortimes.net\/es\/wp-json\/wp\/v2\/media\/204754"}],"wp:attachment":[{"href":"https:\/\/www.ecuadortimes.net\/es\/wp-json\/wp\/v2\/media?parent=204753"}],"wp:term":[{"taxonomy":"category","embeddable":true,"href":"https:\/\/www.ecuadortimes.net\/es\/wp-json\/wp\/v2\/categories?post=204753"},{"taxonomy":"post_tag","embeddable":true,"href":"https:\/\/www.ecuadortimes.net\/es\/wp-json\/wp\/v2\/tags?post=204753"}],"curies":[{"name":"wp","href":"https:\/\/api.w.org\/{rel}","templated":true}]}}