{"id":204755,"date":"2011-01-20T00:00:00","date_gmt":"2011-01-20T00:00:00","guid":{"rendered":"https:\/\/www.ecuadortimes.net\/es\/los-directivos-de-radio-sucre-desalojaron-sus-instalaciones\/"},"modified":"2011-01-20T00:00:00","modified_gmt":"2011-01-20T00:00:00","slug":"los-directivos-de-radio-sucre-desalojaron-sus-instalaciones","status":"publish","type":"post","link":"https:\/\/www.ecuadortimes.net\/es\/los-directivos-de-radio-sucre-desalojaron-sus-instalaciones\/","title":{"rendered":"Los Directivos de Radio Sucre desalojaron sus Instalaciones"},"content":{"rendered":"<p style=\"text-align: justify\">Ayer, los directivos de radio sucre abandonaron el edificio, ubicado en Kennedy Norte, luego de que la CFN los embargara por una deuda de 3 millones de d\u00f3lares.<\/p>\n<p style=\"text-align: justify\">El director de la radio, Gabriel Arroba, explic\u00f3 que no hay ning\u00fan problema con la frecuencia, pero el edificio y parte de los equipos fueron prendados por motivo de la deuda.<\/p>\n<p style=\"text-align: justify\">La CFN ha otorgado un plazo de tres meses para que se realice el primer abono, de lo contrario, entrar\u00e1n en proceso de subasta, explic\u00f3 Arroba.\u00a0Estamos entregando el edificio como parte de un abono a la deuda. Solo queremos que se realice un aval\u00fao justo, porque se encuentra ubicado en una zona importante de la ciudad\u009d, agreg\u00f3.<\/p>\n<p style=\"text-align: justify\">La compa\u00f1\u00eda Ecuaprimicias Publicidad S.A., propiedad de Vicente Arroba Ditto, mantiene una deuda de $1,668.971, \u00e9sta se origin\u00f3 por un cr\u00e9dito del Banco del Progreso, que posteriormente fue endosada a la CFN cuando la entidad cerr\u00f3. Adem\u00e1s, Vicente Arroba Ditto mantiene una deuda personal de $230.906.<\/p>\n<p style=\"text-align: justify\">La CFN est\u00e1 encargada de cobrar las deudas de la banca cerrada.<\/p>\n","protected":false},"excerpt":{"rendered":"<p>Ayer, los directivos de radio sucre abandonaron el edificio, ubicado en Kennedy Norte, luego de que la CFN los embargara por una deuda de 3 millones de d\u00f3lares. El director de la radio, Gabriel Arroba, explic\u00f3 que no hay ning\u00fan problema con la frecuencia, pero el edificio y parte de los equipos fueron prendados por motivo de la deuda. La CFN ha otorgado un plazo de tres meses para que se realice el primer abono, de lo contrario, entrar\u00e1n en proceso de subasta, explic\u00f3 Arroba.\u00a0Estamos entregando el edificio como parte de un abono a la deuda. Solo queremos que se realice un aval\u00fao justo, porque se encuentra ubicado en una zona importante de la ciudad\u009d, agreg\u00f3. La compa\u00f1\u00eda Ecuaprimicias Publicidad S.A., propiedad de Vicente Arroba Ditto, mantiene una deuda de $1,668.971, \u00e9sta se origin\u00f3 por un cr\u00e9dito del Banco del Progreso, que posteriormente fue endosada a la CFN cuando la entidad cerr\u00f3. Adem\u00e1s, Vicente Arroba Ditto mantiene una deuda personal de $230.906. La CFN est\u00e1 encargada de cobrar las deudas de la banca cerrada.<\/p>\n","protected":false},"author":1,"featured_media":204756,"comment_status":"open","ping_status":"open","sticky":false,"template":"","format":"standard","meta":[],"categories":[35,37],"tags":[],"_links":{"self":[{"href":"https:\/\/www.ecuadortimes.net\/es\/wp-json\/wp\/v2\/posts\/204755"}],"collection":[{"href":"https:\/\/www.ecuadortimes.net\/es\/wp-json\/wp\/v2\/posts"}],"about":[{"href":"https:\/\/www.ecuadortimes.net\/es\/wp-json\/wp\/v2\/types\/post"}],"author":[{"embeddable":true,"href":"https:\/\/www.ecuadortimes.net\/es\/wp-json\/wp\/v2\/users\/1"}],"replies":[{"embeddable":true,"href":"https:\/\/www.ecuadortimes.net\/es\/wp-json\/wp\/v2\/comments?post=204755"}],"version-history":[{"count":0,"href":"https:\/\/www.ecuadortimes.net\/es\/wp-json\/wp\/v2\/posts\/204755\/revisions"}],"wp:featuredmedia":[{"embeddable":true,"href":"https:\/\/www.ecuadortimes.net\/es\/wp-json\/wp\/v2\/media\/204756"}],"wp:attachment":[{"href":"https:\/\/www.ecuadortimes.net\/es\/wp-json\/wp\/v2\/media?parent=204755"}],"wp:term":[{"taxonomy":"category","embeddable":true,"href":"https:\/\/www.ecuadortimes.net\/es\/wp-json\/wp\/v2\/categories?post=204755"},{"taxonomy":"post_tag","embeddable":true,"href":"https:\/\/www.ecuadortimes.net\/es\/wp-json\/wp\/v2\/tags?post=204755"}],"curies":[{"name":"wp","href":"https:\/\/api.w.org\/{rel}","templated":true}]}}