{"id":204757,"date":"2011-01-20T00:00:00","date_gmt":"2011-01-20T00:00:00","guid":{"rendered":"https:\/\/www.ecuadortimes.net\/es\/ecuador-seduce-a-turistas-desde-la-fitur-en-espana\/"},"modified":"2011-01-20T00:00:00","modified_gmt":"2011-01-20T00:00:00","slug":"ecuador-seduce-a-turistas-desde-la-fitur-en-espana","status":"publish","type":"post","link":"https:\/\/www.ecuadortimes.net\/es\/ecuador-seduce-a-turistas-desde-la-fitur-en-espana\/","title":{"rendered":"Ecuador seduce a turistas desde la Fitur en Espa\u00f1a"},"content":{"rendered":"<p style=\"text-align: justify\"><a rel=\"attachment wp-att-14400\" href=\"http:\/\/www.ecuadortimes.net\/es\/2011\/01\/20\/ecuador-seduce-a-turistas-desde-la-fitur-en-espana\/ecuador1\/\"><img loading=\"lazy\" class=\"alignleft size-medium wp-image-14400\" src=\"https:\/\/www.ecuadortimes.net\/es\/wp-content\/uploads\/2011\/01\/ecuador1-240x300.jpg\" alt=\"\" width=\"240\" height=\"300\" \/><\/a>Desde ayer Ecuador promociona sus paisajes andinos, playas soleadas y m\u00e1s de sus atracciones tur\u00edsticas desde su stand en la 31\u00aa edici\u00f3n de la Feria Internacional del Turismo de Espa\u00f1a (Fitur), en Madrid.<\/p>\n<p style=\"text-align: justify\">Alrededor de 10.500 empresas, ministerios y oficinas de turismo de 166 pa\u00edses, tendr\u00e1n la oportunidad de mostrar sus encantos hasta el domingo, cuando la feria llega a su t\u00e9rmino.<\/p>\n<p style=\"text-align: justify\">En la Fitur 2011, cuya sede est\u00e1 en el recinto Ferial Juan Carlos I, Ecuador ocupa un espacio de 254 m2 llenos de avisos publicitarios de destinos tur\u00edsticos y la nueva Marca Pa\u00eds; all\u00ed 20 expositores, entre ellos operadores tur\u00edsticos y hoteleros, muestran los atractivos de nuestro pa\u00eds.<\/p>\n<p style=\"text-align: justify\">En 2010, se registr\u00f3 un aumento del 6,7% en el sector tur\u00edstico internacional de Ecuador, se espera que en 2011 suba hasta un 5% m\u00e1s.<\/p>\n<p style=\"text-align: justify\">Fuente: El Comercio<\/p>\n","protected":false},"excerpt":{"rendered":"<p>Desde ayer Ecuador promociona sus paisajes andinos, playas soleadas y m\u00e1s de sus atracciones tur\u00edsticas desde su stand en la 31\u00aa edici\u00f3n de la Feria Internacional del Turismo de Espa\u00f1a (Fitur), en Madrid. Alrededor de 10.500 empresas, ministerios y oficinas de turismo de 166 pa\u00edses, tendr\u00e1n la oportunidad de mostrar sus encantos hasta el domingo, cuando la feria llega a su t\u00e9rmino. En la Fitur 2011, cuya sede est\u00e1 en el recinto Ferial Juan Carlos I, Ecuador ocupa un espacio de 254 m2 llenos de avisos publicitarios de destinos tur\u00edsticos y la nueva Marca Pa\u00eds; all\u00ed 20 expositores, entre ellos operadores tur\u00edsticos y hoteleros, muestran los atractivos de nuestro pa\u00eds. En 2010, se registr\u00f3 un aumento del 6,7% en el sector tur\u00edstico internacional de Ecuador, se espera que en 2011 suba hasta un 5% m\u00e1s. Fuente: El Comercio<\/p>\n","protected":false},"author":1,"featured_media":204758,"comment_status":"open","ping_status":"open","sticky":false,"template":"","format":"standard","meta":[],"categories":[35,37],"tags":[],"_links":{"self":[{"href":"https:\/\/www.ecuadortimes.net\/es\/wp-json\/wp\/v2\/posts\/204757"}],"collection":[{"href":"https:\/\/www.ecuadortimes.net\/es\/wp-json\/wp\/v2\/posts"}],"about":[{"href":"https:\/\/www.ecuadortimes.net\/es\/wp-json\/wp\/v2\/types\/post"}],"author":[{"embeddable":true,"href":"https:\/\/www.ecuadortimes.net\/es\/wp-json\/wp\/v2\/users\/1"}],"replies":[{"embeddable":true,"href":"https:\/\/www.ecuadortimes.net\/es\/wp-json\/wp\/v2\/comments?post=204757"}],"version-history":[{"count":0,"href":"https:\/\/www.ecuadortimes.net\/es\/wp-json\/wp\/v2\/posts\/204757\/revisions"}],"wp:featuredmedia":[{"embeddable":true,"href":"https:\/\/www.ecuadortimes.net\/es\/wp-json\/wp\/v2\/media\/204758"}],"wp:attachment":[{"href":"https:\/\/www.ecuadortimes.net\/es\/wp-json\/wp\/v2\/media?parent=204757"}],"wp:term":[{"taxonomy":"category","embeddable":true,"href":"https:\/\/www.ecuadortimes.net\/es\/wp-json\/wp\/v2\/categories?post=204757"},{"taxonomy":"post_tag","embeddable":true,"href":"https:\/\/www.ecuadortimes.net\/es\/wp-json\/wp\/v2\/tags?post=204757"}],"curies":[{"name":"wp","href":"https:\/\/api.w.org\/{rel}","templated":true}]}}