{"id":204765,"date":"2011-01-21T00:00:00","date_gmt":"2011-01-21T00:00:00","guid":{"rendered":"https:\/\/www.ecuadortimes.net\/es\/marcha-funeral-contra-la-violencia\/"},"modified":"2011-01-21T00:00:00","modified_gmt":"2011-01-21T00:00:00","slug":"marcha-funeral-contra-la-violencia","status":"publish","type":"post","link":"https:\/\/www.ecuadortimes.net\/es\/marcha-funeral-contra-la-violencia\/","title":{"rendered":"Marcha funeral contra la violencia"},"content":{"rendered":"<p>Vicente Sarmiento fue\u00a0uno de los organizadores de la llamada Marcha Funeral contra el crimen,\u00a0realizada el jueves a las 17:00 en el centro de Guayaquil. El 8 de octubre, Vicente Francisco, de 24 a\u00f1os, hijo de Sarmiento muri\u00f3 a causa de una pancreatitis hemorr\u00e1gica producida por una sobredosis de escopolamina.<\/p>\n<p>Durante la marcha se recaudaron firmas para hacer una consulta popular y solicitar reformas al C\u00f3digo Penal Ecuatoriano. Sarmiento indic\u00f3 que habr\u00e1 una marcha contra el crimen en Machala y hay planes para un marcha en Quito la pr\u00f3xima semana. El organizador inform\u00f3 que la Fundaci\u00f3n Vicente Sarmiento esta siendo legalizada; esta entidad ayudar\u00e1 gratuitamente a las v\u00edctimas del crimen. La marcha comenz\u00f3 en el parque Centenario hasta el Malec\u00f3n Sim\u00f3n Bolivar.<\/p>\n","protected":false},"excerpt":{"rendered":"<p>Vicente Sarmiento fue\u00a0uno de los organizadores de la llamada Marcha Funeral contra el crimen,\u00a0realizada el jueves a las 17:00 en el centro de Guayaquil. El 8 de octubre, Vicente Francisco, de 24 a\u00f1os, hijo de Sarmiento muri\u00f3 a causa de una pancreatitis hemorr\u00e1gica producida por una sobredosis de escopolamina. Durante la marcha se recaudaron firmas para hacer una consulta popular y solicitar reformas al C\u00f3digo Penal Ecuatoriano. Sarmiento indic\u00f3 que habr\u00e1 una marcha contra el crimen en Machala y hay planes para un marcha en Quito la pr\u00f3xima semana. El organizador inform\u00f3 que la Fundaci\u00f3n Vicente Sarmiento esta siendo legalizada; esta entidad ayudar\u00e1 gratuitamente a las v\u00edctimas del crimen. La marcha comenz\u00f3 en el parque Centenario hasta el Malec\u00f3n Sim\u00f3n Bolivar.<\/p>\n","protected":false},"author":1,"featured_media":204766,"comment_status":"open","ping_status":"open","sticky":false,"template":"","format":"standard","meta":[],"categories":[35,37],"tags":[],"_links":{"self":[{"href":"https:\/\/www.ecuadortimes.net\/es\/wp-json\/wp\/v2\/posts\/204765"}],"collection":[{"href":"https:\/\/www.ecuadortimes.net\/es\/wp-json\/wp\/v2\/posts"}],"about":[{"href":"https:\/\/www.ecuadortimes.net\/es\/wp-json\/wp\/v2\/types\/post"}],"author":[{"embeddable":true,"href":"https:\/\/www.ecuadortimes.net\/es\/wp-json\/wp\/v2\/users\/1"}],"replies":[{"embeddable":true,"href":"https:\/\/www.ecuadortimes.net\/es\/wp-json\/wp\/v2\/comments?post=204765"}],"version-history":[{"count":0,"href":"https:\/\/www.ecuadortimes.net\/es\/wp-json\/wp\/v2\/posts\/204765\/revisions"}],"wp:featuredmedia":[{"embeddable":true,"href":"https:\/\/www.ecuadortimes.net\/es\/wp-json\/wp\/v2\/media\/204766"}],"wp:attachment":[{"href":"https:\/\/www.ecuadortimes.net\/es\/wp-json\/wp\/v2\/media?parent=204765"}],"wp:term":[{"taxonomy":"category","embeddable":true,"href":"https:\/\/www.ecuadortimes.net\/es\/wp-json\/wp\/v2\/categories?post=204765"},{"taxonomy":"post_tag","embeddable":true,"href":"https:\/\/www.ecuadortimes.net\/es\/wp-json\/wp\/v2\/tags?post=204765"}],"curies":[{"name":"wp","href":"https:\/\/api.w.org\/{rel}","templated":true}]}}