{"id":204769,"date":"2011-01-20T00:00:00","date_gmt":"2011-01-20T00:00:00","guid":{"rendered":"https:\/\/www.ecuadortimes.net\/es\/eurocamara-critica-la-nueva-ley-de-medios-hungara\/"},"modified":"2011-01-20T00:00:00","modified_gmt":"2011-01-20T00:00:00","slug":"eurocamara-critica-la-nueva-ley-de-medios-hungara","status":"publish","type":"post","link":"https:\/\/www.ecuadortimes.net\/es\/eurocamara-critica-la-nueva-ley-de-medios-hungara\/","title":{"rendered":"Euroc\u00e1mara critica la nueva ley de medios H\u00fangara"},"content":{"rendered":"<p><a rel=\"attachment wp-att-14471\" href=\"http:\/\/www.ecuadortimes.net\/2011\/01\/20\/european-parliament-criticizes-the-new-hungarian-media-law\/viktor-orban\/\"><img loading=\"lazy\" class=\"alignleft size-medium wp-image-14471\" src=\"https:\/\/www.ecuadortimes.net\/es\/wp-content\/uploads\/2011\/01\/Viktor-Orb\u00e1n-300x225.jpg\" alt=\"\" width=\"300\" height=\"225\" \/><\/a>El primer ministro h\u00fangaro, Viktor Orb\u00e1n fue criticado ayer en la Euroc\u00e1mara por una nueva ley de medios que rige en Hungr\u00eda y atenta contra la libertad de prensa seg\u00fan algunos integrantes del Parlamento Europeo, como Daniel Cohn-Bendit, eurodiputado franc\u00e9s.<\/p>\n<p>La ley aprobada en el pa\u00eds obliga a los medios a realizar una cobertura equilibrada\u009d de los acontecimientos nacionales y europeos, sin definir exactamente ese t\u00e9rmino.<\/p>\n<p>Se\u00f1or Orb\u00e1n, lleva camino de convertirse en un Ch\u00e1vez europeo, un nacional-populista que no entiende ni la esencia ni la estructura de la democracia\u009d, espet\u00f3 el franc\u00e9s Cohn-Bendit al jefe del gobierno h\u00fangaro, en alusi\u00f3n al presidente venezolano, Hugo Ch\u00e1vez.<\/p>\n<p>Orb\u00e1n acudi\u00f3 a la Euroc\u00e1mara, para exponer las prioridades de su presidencia de turno de la Uni\u00f3n Europea (UE), iniciada el 1 de enero, pero advirti\u00f3 que no quiere que se mezcle la pol\u00edtica interior de Hungr\u00eda con la presidencia de UE.<\/p>\n<p>Fuente: El Pa\u00eds<\/p>\n","protected":false},"excerpt":{"rendered":"<p>El primer ministro h\u00fangaro, Viktor Orb\u00e1n fue criticado ayer en la Euroc\u00e1mara por una nueva ley de medios que rige en Hungr\u00eda y atenta contra la libertad de prensa seg\u00fan algunos integrantes del Parlamento Europeo, como Daniel Cohn-Bendit, eurodiputado franc\u00e9s. La ley aprobada en el pa\u00eds obliga a los medios a realizar una cobertura equilibrada\u009d de los acontecimientos nacionales y europeos, sin definir exactamente ese t\u00e9rmino. Se\u00f1or Orb\u00e1n, lleva camino de convertirse en un Ch\u00e1vez europeo, un nacional-populista que no entiende ni la esencia ni la estructura de la democracia\u009d, espet\u00f3 el franc\u00e9s Cohn-Bendit al jefe del gobierno h\u00fangaro, en alusi\u00f3n al presidente venezolano, Hugo Ch\u00e1vez. Orb\u00e1n acudi\u00f3 a la Euroc\u00e1mara, para exponer las prioridades de su presidencia de turno de la Uni\u00f3n Europea (UE), iniciada el 1 de enero, pero advirti\u00f3 que no quiere que se mezcle la pol\u00edtica interior de Hungr\u00eda con la presidencia de UE. Fuente: El Pa\u00eds<\/p>\n","protected":false},"author":1,"featured_media":204770,"comment_status":"open","ping_status":"open","sticky":false,"template":"","format":"standard","meta":[],"categories":[34,37],"tags":[],"_links":{"self":[{"href":"https:\/\/www.ecuadortimes.net\/es\/wp-json\/wp\/v2\/posts\/204769"}],"collection":[{"href":"https:\/\/www.ecuadortimes.net\/es\/wp-json\/wp\/v2\/posts"}],"about":[{"href":"https:\/\/www.ecuadortimes.net\/es\/wp-json\/wp\/v2\/types\/post"}],"author":[{"embeddable":true,"href":"https:\/\/www.ecuadortimes.net\/es\/wp-json\/wp\/v2\/users\/1"}],"replies":[{"embeddable":true,"href":"https:\/\/www.ecuadortimes.net\/es\/wp-json\/wp\/v2\/comments?post=204769"}],"version-history":[{"count":0,"href":"https:\/\/www.ecuadortimes.net\/es\/wp-json\/wp\/v2\/posts\/204769\/revisions"}],"wp:featuredmedia":[{"embeddable":true,"href":"https:\/\/www.ecuadortimes.net\/es\/wp-json\/wp\/v2\/media\/204770"}],"wp:attachment":[{"href":"https:\/\/www.ecuadortimes.net\/es\/wp-json\/wp\/v2\/media?parent=204769"}],"wp:term":[{"taxonomy":"category","embeddable":true,"href":"https:\/\/www.ecuadortimes.net\/es\/wp-json\/wp\/v2\/categories?post=204769"},{"taxonomy":"post_tag","embeddable":true,"href":"https:\/\/www.ecuadortimes.net\/es\/wp-json\/wp\/v2\/tags?post=204769"}],"curies":[{"name":"wp","href":"https:\/\/api.w.org\/{rel}","templated":true}]}}