{"id":204773,"date":"2011-01-21T00:00:00","date_gmt":"2011-01-21T00:00:00","guid":{"rendered":"https:\/\/www.ecuadortimes.net\/es\/tres-provincias-inundadas-en-ecuador\/"},"modified":"2011-01-21T00:00:00","modified_gmt":"2011-01-21T00:00:00","slug":"tres-provincias-inundadas-en-ecuador","status":"publish","type":"post","link":"https:\/\/www.ecuadortimes.net\/es\/tres-provincias-inundadas-en-ecuador\/","title":{"rendered":"Tres provincias inundadas en Ecuador"},"content":{"rendered":"<p><a rel=\"attachment wp-att-14508\" href=\"http:\/\/www.ecuadortimes.net\/es\/2011\/01\/21\/tres-provincias-inundadas-en-ecuador\/el-carmen-inundaciones-2\/\"><img loading=\"lazy\" class=\"alignleft size-thumbnail wp-image-14508\" src=\"https:\/\/www.ecuadortimes.net\/es\/wp-content\/uploads\/2011\/01\/El-Carm\u00e9n-Inundaciones1-195x110.jpg\" alt=\"\" width=\"195\" height=\"110\" \/><\/a>Al norte de Manab\u00ed 120 personas fueron evacuadas de sus casas, pues una fuerte lluvia que empez\u00f3 el mi\u00e9rcoles y dur\u00f3 hasta ayer a las 6:00 e inund\u00f3 las 40 viviendas donde habitaban.<\/p>\n<p>Jairo Flores, jefe del Cuerpo de Bomberos de El Carmen \u0093norte de Manab\u00ed-, dijo que algunos bomberos tuvieron que nadar para evacuar a ciertos ocupantes, mientras que otros ya hab\u00edan salido de las casas por miedo de que el caudal las arrasara. Flores asegur\u00f3 que la inundaci\u00f3n se dio a causa de la basura botada por los moradores en una quebrada cercana, la cual cre\u00f3 que se taponaran las alcantarillas.<\/p>\n<p>En Los R\u00edos, vientos fuertes y torrenciales lluvias causaron estragos en sectores de Vinces, Palenque, Ventanas y Babahoyo. El martes el aguacero dur\u00f3 ocho horas, mientras que el mi\u00e9rcoles llovi\u00f3 desde las 22:00 hasta las 06:00 de ayer, hubo derrumbes, barrios inundados y r\u00edos desbordados en Palenque, Vinces y Ventanas.<\/p>\n<p>En tanto, las fuertes lluvias que caen sobre la provincia de Esmeraldas incrementaron el nivel del caudal en r\u00edos y esteros.<\/p>\n<p>Fuente: El Universo<\/p>\n","protected":false},"excerpt":{"rendered":"<p>Al norte de Manab\u00ed 120 personas fueron evacuadas de sus casas, pues una fuerte lluvia que empez\u00f3 el mi\u00e9rcoles y dur\u00f3 hasta ayer a las 6:00 e inund\u00f3 las 40 viviendas donde habitaban. Jairo Flores, jefe del Cuerpo de Bomberos de El Carmen \u0093norte de Manab\u00ed-, dijo que algunos bomberos tuvieron que nadar para evacuar a ciertos ocupantes, mientras que otros ya hab\u00edan salido de las casas por miedo de que el caudal las arrasara. Flores asegur\u00f3 que la inundaci\u00f3n se dio a causa de la basura botada por los moradores en una quebrada cercana, la cual cre\u00f3 que se taponaran las alcantarillas. En Los R\u00edos, vientos fuertes y torrenciales lluvias causaron estragos en sectores de Vinces, Palenque, Ventanas y Babahoyo. El martes el aguacero dur\u00f3 ocho horas, mientras que el mi\u00e9rcoles llovi\u00f3 desde las 22:00 hasta las 06:00 de ayer, hubo derrumbes, barrios inundados y r\u00edos desbordados en Palenque, Vinces y Ventanas. En tanto, las fuertes lluvias que caen sobre la provincia de Esmeraldas incrementaron el nivel del caudal en r\u00edos y esteros. Fuente: El Universo<\/p>\n","protected":false},"author":1,"featured_media":204774,"comment_status":"open","ping_status":"open","sticky":false,"template":"","format":"standard","meta":[],"categories":[35,37],"tags":[],"_links":{"self":[{"href":"https:\/\/www.ecuadortimes.net\/es\/wp-json\/wp\/v2\/posts\/204773"}],"collection":[{"href":"https:\/\/www.ecuadortimes.net\/es\/wp-json\/wp\/v2\/posts"}],"about":[{"href":"https:\/\/www.ecuadortimes.net\/es\/wp-json\/wp\/v2\/types\/post"}],"author":[{"embeddable":true,"href":"https:\/\/www.ecuadortimes.net\/es\/wp-json\/wp\/v2\/users\/1"}],"replies":[{"embeddable":true,"href":"https:\/\/www.ecuadortimes.net\/es\/wp-json\/wp\/v2\/comments?post=204773"}],"version-history":[{"count":0,"href":"https:\/\/www.ecuadortimes.net\/es\/wp-json\/wp\/v2\/posts\/204773\/revisions"}],"wp:featuredmedia":[{"embeddable":true,"href":"https:\/\/www.ecuadortimes.net\/es\/wp-json\/wp\/v2\/media\/204774"}],"wp:attachment":[{"href":"https:\/\/www.ecuadortimes.net\/es\/wp-json\/wp\/v2\/media?parent=204773"}],"wp:term":[{"taxonomy":"category","embeddable":true,"href":"https:\/\/www.ecuadortimes.net\/es\/wp-json\/wp\/v2\/categories?post=204773"},{"taxonomy":"post_tag","embeddable":true,"href":"https:\/\/www.ecuadortimes.net\/es\/wp-json\/wp\/v2\/tags?post=204773"}],"curies":[{"name":"wp","href":"https:\/\/api.w.org\/{rel}","templated":true}]}}