{"id":204777,"date":"2011-01-21T00:00:00","date_gmt":"2011-01-21T00:00:00","guid":{"rendered":"https:\/\/www.ecuadortimes.net\/es\/osama-bin-laden-reaparece-y-amenaza-a-francia\/"},"modified":"2011-01-21T00:00:00","modified_gmt":"2011-01-21T00:00:00","slug":"osama-bin-laden-reaparece-y-amenaza-a-francia","status":"publish","type":"post","link":"https:\/\/www.ecuadortimes.net\/es\/osama-bin-laden-reaparece-y-amenaza-a-francia\/","title":{"rendered":"Osama Bin Laden reaparece y amenaza a Francia"},"content":{"rendered":"<p><a rel=\"attachment wp-att-14528\" href=\"http:\/\/www.ecuadortimes.net\/2011\/01\/21\/osama-bin-laden-reappears-and-threatens-france\/osama-bin-laden-q\/\"><img loading=\"lazy\" class=\"alignleft size-thumbnail wp-image-14528\" src=\"https:\/\/www.ecuadortimes.net\/es\/wp-content\/uploads\/2011\/01\/Osama-Bin-Laden-q-195x110.jpg\" alt=\"\" width=\"195\" height=\"110\" \/><\/a>Osama Bin Laden amenaz\u00f3 a Francia en una cinta publicada por la televisora Al Jazeera, donde asegura que Francia enfrentar\u00e1 muertes y secuestros si no saca sus tropas de Afganist\u00e1n.<\/p>\n<p>Bin Laden justific\u00f3 el secuestro de los cinco franceses en Nigeria el mes pasado, diciendo que Francia tambi\u00e9n maltrata a los musulmanes.<\/p>\n<p>La ecuaci\u00f3n es muy clara y simple, mientras sigan matando, ustedes seguir\u00e1n siendo asesinados, mientras cojan a nuestros habitantes como rehenes, nosotros tambi\u00e9n atraparemos a los suyos como rehenes, si siguen gastando nuestra seguridad, nosotros gastaremos la suya\u009d, dijo el l\u00edder de Al Qaeda<\/p>\n<p>Francia tiene 3,750 tropas en Afganist\u00e1n, convirti\u00e9ndolo en el cuarto mayor contribuyente en la misi\u00f3n internacional militar.<\/p>\n<p>&#8220;Si\u00a0injustamente\u00a0pensaron\u00a0que es\u00a0su\u00a0derecho prevenir que las mujeres musulmanas libres usen\u00a0el\u00a0velo en la cara,\u00a0\u00bfno es\u00a0nuestro\u00a0derecho\u00a0expulsar a\u00a0sus hombres\u00a0invasores\u00a0y\u00a0cortar\u00a0su cuello&#8221;, pregunt\u00f3\u00a0Bin\u00a0Laden.<\/p>\n<p>El ministro franc\u00e9s de Relaciones Exteriores, Bernard Kouchner, calific\u00f3 de &#8220;inaceptables&#8221; las amenazas del l\u00edder de Al Qaeda contra Francia, e indic\u00f3 que el &#8220;nivel de vigilancia&#8221; en territorio franc\u00e9s es &#8220;extremadamente alto&#8221;.<\/p>\n<p>Fuente: The New York Times<\/p>\n","protected":false},"excerpt":{"rendered":"<p>Osama Bin Laden amenaz\u00f3 a Francia en una cinta publicada por la televisora Al Jazeera, donde asegura que Francia enfrentar\u00e1 muertes y secuestros si no saca sus tropas de Afganist\u00e1n. Bin Laden justific\u00f3 el secuestro de los cinco franceses en Nigeria el mes pasado, diciendo que Francia tambi\u00e9n maltrata a los musulmanes. La ecuaci\u00f3n es muy clara y simple, mientras sigan matando, ustedes seguir\u00e1n siendo asesinados, mientras cojan a nuestros habitantes como rehenes, nosotros tambi\u00e9n atraparemos a los suyos como rehenes, si siguen gastando nuestra seguridad, nosotros gastaremos la suya\u009d, dijo el l\u00edder de Al Qaeda Francia tiene 3,750 tropas en Afganist\u00e1n, convirti\u00e9ndolo en el cuarto mayor contribuyente en la misi\u00f3n internacional militar. &#8220;Si\u00a0injustamente\u00a0pensaron\u00a0que es\u00a0su\u00a0derecho prevenir que las mujeres musulmanas libres usen\u00a0el\u00a0velo en la cara,\u00a0\u00bfno es\u00a0nuestro\u00a0derecho\u00a0expulsar a\u00a0sus hombres\u00a0invasores\u00a0y\u00a0cortar\u00a0su cuello&#8221;, pregunt\u00f3\u00a0Bin\u00a0Laden. El ministro franc\u00e9s de Relaciones Exteriores, Bernard Kouchner, calific\u00f3 de &#8220;inaceptables&#8221; las amenazas del l\u00edder de Al Qaeda contra Francia, e indic\u00f3 que el &#8220;nivel de vigilancia&#8221; en territorio franc\u00e9s es &#8220;extremadamente alto&#8221;. Fuente: The New York Times<\/p>\n","protected":false},"author":1,"featured_media":204778,"comment_status":"open","ping_status":"open","sticky":false,"template":"","format":"standard","meta":[],"categories":[34,37],"tags":[],"_links":{"self":[{"href":"https:\/\/www.ecuadortimes.net\/es\/wp-json\/wp\/v2\/posts\/204777"}],"collection":[{"href":"https:\/\/www.ecuadortimes.net\/es\/wp-json\/wp\/v2\/posts"}],"about":[{"href":"https:\/\/www.ecuadortimes.net\/es\/wp-json\/wp\/v2\/types\/post"}],"author":[{"embeddable":true,"href":"https:\/\/www.ecuadortimes.net\/es\/wp-json\/wp\/v2\/users\/1"}],"replies":[{"embeddable":true,"href":"https:\/\/www.ecuadortimes.net\/es\/wp-json\/wp\/v2\/comments?post=204777"}],"version-history":[{"count":0,"href":"https:\/\/www.ecuadortimes.net\/es\/wp-json\/wp\/v2\/posts\/204777\/revisions"}],"wp:featuredmedia":[{"embeddable":true,"href":"https:\/\/www.ecuadortimes.net\/es\/wp-json\/wp\/v2\/media\/204778"}],"wp:attachment":[{"href":"https:\/\/www.ecuadortimes.net\/es\/wp-json\/wp\/v2\/media?parent=204777"}],"wp:term":[{"taxonomy":"category","embeddable":true,"href":"https:\/\/www.ecuadortimes.net\/es\/wp-json\/wp\/v2\/categories?post=204777"},{"taxonomy":"post_tag","embeddable":true,"href":"https:\/\/www.ecuadortimes.net\/es\/wp-json\/wp\/v2\/tags?post=204777"}],"curies":[{"name":"wp","href":"https:\/\/api.w.org\/{rel}","templated":true}]}}