{"id":204781,"date":"2011-01-21T00:00:00","date_gmt":"2011-01-21T00:00:00","guid":{"rendered":"https:\/\/www.ecuadortimes.net\/es\/hinchas-de-emelec-esperan-la-explosion-azul\/"},"modified":"2011-01-21T00:00:00","modified_gmt":"2011-01-21T00:00:00","slug":"hinchas-de-emelec-esperan-la-explosion-azul","status":"publish","type":"post","link":"https:\/\/www.ecuadortimes.net\/es\/hinchas-de-emelec-esperan-la-explosion-azul\/","title":{"rendered":"Hinchas de Emelec esperan la Explosi\u00f3n Azul"},"content":{"rendered":"<p><a rel=\"attachment wp-att-14568\" href=\"http:\/\/www.ecuadortimes.net\/es\/2011\/01\/21\/hinchas-de-emelec-esperan-la-%e2%80%9cexplosion-azul%e2%80%9d\/omar-asad1-2\/\"><img loading=\"lazy\" class=\"alignleft size-medium wp-image-14568\" src=\"https:\/\/www.ecuadortimes.net\/es\/wp-content\/uploads\/2011\/01\/omar-asad11-300x168.jpg\" alt=\"\" width=\"300\" height=\"168\" \/><\/a>La noche conocida como Explosi\u00f3n Azul\u009d del campeonato 2011 se enfocar\u00e1 en los nuevos jugadores del equipo en el estadio Capwell. Los el\u00e9ctricos ofrecer\u00e1n un partido amistoso contra Universidad de San Mart\u00edn de Per\u00fa. La formaci\u00f3n del equipo ser\u00e1 usada en el torneo nacional y en la Copa Libertadores bajo la direcci\u00f3n del t\u00e9cnico argentino, Omar Asad.<\/p>\n<p>La sensaci\u00f3n de la noche es la contrataci\u00f3n del imbabure\u00f1o Edison M\u00e9ndez para el CS Emelec, el anuncio ser\u00e1 oficializado esta noche. Entre los nuevos miembros esta el delantero argentino Eial Strahman. El estadio ubicado en la calle San Mart\u00edn abrir\u00e1 a las 16:00 y a las 19:05 comenzar\u00e1 un show art\u00edstico con los cantos de la barra Boca del Pozo\u009d. La nueva formaci\u00f3n de Emelec para el 2011 ser\u00e1 presentada a las 19:45, durante las 20:20 un espect\u00e1culo de fuegos artificiales empezar\u00e1.<\/p>\n<p>El partido amistoso contra el campe\u00f3n peruano iniciara a las 21:00.<\/p>\n","protected":false},"excerpt":{"rendered":"<p>La noche conocida como Explosi\u00f3n Azul\u009d del campeonato 2011 se enfocar\u00e1 en los nuevos jugadores del equipo en el estadio Capwell. Los el\u00e9ctricos ofrecer\u00e1n un partido amistoso contra Universidad de San Mart\u00edn de Per\u00fa. La formaci\u00f3n del equipo ser\u00e1 usada en el torneo nacional y en la Copa Libertadores bajo la direcci\u00f3n del t\u00e9cnico argentino, Omar Asad. La sensaci\u00f3n de la noche es la contrataci\u00f3n del imbabure\u00f1o Edison M\u00e9ndez para el CS Emelec, el anuncio ser\u00e1 oficializado esta noche. Entre los nuevos miembros esta el delantero argentino Eial Strahman. El estadio ubicado en la calle San Mart\u00edn abrir\u00e1 a las 16:00 y a las 19:05 comenzar\u00e1 un show art\u00edstico con los cantos de la barra Boca del Pozo\u009d. La nueva formaci\u00f3n de Emelec para el 2011 ser\u00e1 presentada a las 19:45, durante las 20:20 un espect\u00e1culo de fuegos artificiales empezar\u00e1. El partido amistoso contra el campe\u00f3n peruano iniciara a las 21:00.<\/p>\n","protected":false},"author":1,"featured_media":204782,"comment_status":"open","ping_status":"open","sticky":false,"template":"","format":"standard","meta":[],"categories":[38,37],"tags":[],"_links":{"self":[{"href":"https:\/\/www.ecuadortimes.net\/es\/wp-json\/wp\/v2\/posts\/204781"}],"collection":[{"href":"https:\/\/www.ecuadortimes.net\/es\/wp-json\/wp\/v2\/posts"}],"about":[{"href":"https:\/\/www.ecuadortimes.net\/es\/wp-json\/wp\/v2\/types\/post"}],"author":[{"embeddable":true,"href":"https:\/\/www.ecuadortimes.net\/es\/wp-json\/wp\/v2\/users\/1"}],"replies":[{"embeddable":true,"href":"https:\/\/www.ecuadortimes.net\/es\/wp-json\/wp\/v2\/comments?post=204781"}],"version-history":[{"count":0,"href":"https:\/\/www.ecuadortimes.net\/es\/wp-json\/wp\/v2\/posts\/204781\/revisions"}],"wp:featuredmedia":[{"embeddable":true,"href":"https:\/\/www.ecuadortimes.net\/es\/wp-json\/wp\/v2\/media\/204782"}],"wp:attachment":[{"href":"https:\/\/www.ecuadortimes.net\/es\/wp-json\/wp\/v2\/media?parent=204781"}],"wp:term":[{"taxonomy":"category","embeddable":true,"href":"https:\/\/www.ecuadortimes.net\/es\/wp-json\/wp\/v2\/categories?post=204781"},{"taxonomy":"post_tag","embeddable":true,"href":"https:\/\/www.ecuadortimes.net\/es\/wp-json\/wp\/v2\/tags?post=204781"}],"curies":[{"name":"wp","href":"https:\/\/api.w.org\/{rel}","templated":true}]}}