{"id":204787,"date":"2011-01-22T00:00:00","date_gmt":"2011-01-22T00:00:00","guid":{"rendered":"https:\/\/www.ecuadortimes.net\/es\/costo-de-electricidad-subira-en-febrero\/"},"modified":"2011-01-22T00:00:00","modified_gmt":"2011-01-22T00:00:00","slug":"costo-de-electricidad-subira-en-febrero","status":"publish","type":"post","link":"https:\/\/www.ecuadortimes.net\/es\/costo-de-electricidad-subira-en-febrero\/","title":{"rendered":"Costo de electricidad subir\u00e1 en Febrero"},"content":{"rendered":"<p><a rel=\"attachment wp-att-14613\" href=\"http:\/\/www.ecuadortimes.net\/2011\/01\/22\/electricity-costs-will-rise-in-february\/miguel-calahorrano\/\"><img loading=\"lazy\" class=\"alignleft size-thumbnail wp-image-14613\" src=\"https:\/\/www.ecuadortimes.net\/es\/wp-content\/uploads\/2011\/01\/Miguel-Calahorrano--195x110.jpg\" alt=\"\" width=\"195\" height=\"110\" \/><\/a>El ministro de Electricidad, Miguel Calahorrano env\u00edo su carta de renuncia, junto con un informe de resultados de su gesti\u00f3n, al presidente Rafael Correa.<\/p>\n<p>Calahorrano indico que el Presidente est\u00e1 analizando su renuncia, pero que no ten\u00eda confirmaci\u00f3n al respecto. Sin embargo funcionarios del gobierno aseguraron que la renuncia de Calahorrano es segura; en su reemplazo los nombres de Jorge Glas, actual ministro de Sectores Estrat\u00e9gicos, y de Bernardo Henriques, actual gerente de la CNEL (compa\u00f1\u00eda que aglutina a las empresas de distribuci\u00f3n de la Costa) y ex asesor del presidente Correa en temas el\u00e9ctricos, est\u00e1n entre sus posibles sucesores.<\/p>\n<p>En el informe de resultados de Calahorrano constan los estudios para la ejecuci\u00f3n de ocho centrales hidroel\u00e9ctricas a partir de este a\u00f1o y el estudio t\u00e9cnico para el alza de tarifas el\u00e9ctricas para el sector de la poblaci\u00f3n que supere los 800 kilovatios hora de consumo al mes.<\/p>\n<p>Seg\u00fan el an\u00e1lisis, el alza est\u00e1 dirigida al grupo m\u00e1s alto de la poblaci\u00f3n. Los que tienen tres refrigeradoras, cuatro televisores, iluminaci\u00f3n de jard\u00edn o calientan el agua de la piscina con electricidad pagar\u00e1n m\u00e1s, dijo Calahorrano.<\/p>\n<p>Esto significa que los abonados que pagan planillas por encima de los 120 d\u00f3lares mensuales, pagar\u00e1n m\u00e1s desde febrero. El porcentaje depende del presidente Rafael Correa, quien tomar\u00e1 la decisi\u00f3n en funci\u00f3n del estudio que ya est\u00e1 en sus manos.<\/p>\n<p>Las nuevas tarifas el\u00e9ctricas causan preocupaci\u00f3n en los sectores productivos. Un incremento de los costos de la electricidad disminuir\u00e1 la competitividad del pa\u00eds, seg\u00fan Blasco Pe\u00f1aherrera, presidente del Comit\u00e9 Empresarial, porque elevar\u00e1 los costos de producci\u00f3n, provocar\u00e1 una subida de precios y afectar\u00e1 al empleo\u009d.<\/p>\n<p>A lo que Luis Ord\u00f3\u00f1ez, t\u00e9cnico del sector, respondi\u00f3 la tarifa industrial tiene un menor costo que la residencial, por lo que el alza no tendr\u00e1 un mayor impacto en el sector productivo. Es m\u00e1s, los autoproductores no tendr\u00e1n subida alguna\u009d.<\/p>\n<p>Fuente: Diario Expreso<\/p>\n","protected":false},"excerpt":{"rendered":"<p>El ministro de Electricidad, Miguel Calahorrano env\u00edo su carta de renuncia, junto con un informe de resultados de su gesti\u00f3n, al presidente Rafael Correa. Calahorrano indico que el Presidente est\u00e1 analizando su renuncia, pero que no ten\u00eda confirmaci\u00f3n al respecto. Sin embargo funcionarios del gobierno aseguraron que la renuncia de Calahorrano es segura; en su reemplazo los nombres de Jorge Glas, actual ministro de Sectores Estrat\u00e9gicos, y de Bernardo Henriques, actual gerente de la CNEL (compa\u00f1\u00eda que aglutina a las empresas de distribuci\u00f3n de la Costa) y ex asesor del presidente Correa en temas el\u00e9ctricos, est\u00e1n entre sus posibles sucesores. En el informe de resultados de Calahorrano constan los estudios para la ejecuci\u00f3n de ocho centrales hidroel\u00e9ctricas a partir de este a\u00f1o y el estudio t\u00e9cnico para el alza de tarifas el\u00e9ctricas para el sector de la poblaci\u00f3n que supere los 800 kilovatios hora de consumo al mes. Seg\u00fan el an\u00e1lisis, el alza est\u00e1 dirigida al grupo m\u00e1s alto de la poblaci\u00f3n. Los que tienen tres refrigeradoras, cuatro televisores, iluminaci\u00f3n de jard\u00edn o calientan el agua de la piscina con electricidad pagar\u00e1n m\u00e1s, dijo Calahorrano. Esto significa que los abonados que pagan planillas por encima de los 120 d\u00f3lares mensuales, pagar\u00e1n m\u00e1s desde febrero. El porcentaje depende del presidente Rafael Correa, quien tomar\u00e1 la decisi\u00f3n en funci\u00f3n del estudio que ya est\u00e1 en sus manos. Las nuevas tarifas el\u00e9ctricas causan preocupaci\u00f3n en los sectores productivos. Un incremento de los costos de la electricidad disminuir\u00e1 la competitividad del pa\u00eds, seg\u00fan Blasco Pe\u00f1aherrera, presidente del Comit\u00e9 Empresarial, porque elevar\u00e1 los costos de producci\u00f3n, provocar\u00e1 una subida de precios y afectar\u00e1 al empleo\u009d. A lo que Luis Ord\u00f3\u00f1ez, t\u00e9cnico del sector, respondi\u00f3 la tarifa industrial tiene un menor costo que la residencial, por lo que el alza no tendr\u00e1 un mayor impacto en el sector productivo. Es m\u00e1s, los autoproductores no tendr\u00e1n subida alguna\u009d. Fuente: Diario Expreso<\/p>\n","protected":false},"author":1,"featured_media":204788,"comment_status":"open","ping_status":"open","sticky":false,"template":"","format":"standard","meta":[],"categories":[43,37],"tags":[],"_links":{"self":[{"href":"https:\/\/www.ecuadortimes.net\/es\/wp-json\/wp\/v2\/posts\/204787"}],"collection":[{"href":"https:\/\/www.ecuadortimes.net\/es\/wp-json\/wp\/v2\/posts"}],"about":[{"href":"https:\/\/www.ecuadortimes.net\/es\/wp-json\/wp\/v2\/types\/post"}],"author":[{"embeddable":true,"href":"https:\/\/www.ecuadortimes.net\/es\/wp-json\/wp\/v2\/users\/1"}],"replies":[{"embeddable":true,"href":"https:\/\/www.ecuadortimes.net\/es\/wp-json\/wp\/v2\/comments?post=204787"}],"version-history":[{"count":0,"href":"https:\/\/www.ecuadortimes.net\/es\/wp-json\/wp\/v2\/posts\/204787\/revisions"}],"wp:featuredmedia":[{"embeddable":true,"href":"https:\/\/www.ecuadortimes.net\/es\/wp-json\/wp\/v2\/media\/204788"}],"wp:attachment":[{"href":"https:\/\/www.ecuadortimes.net\/es\/wp-json\/wp\/v2\/media?parent=204787"}],"wp:term":[{"taxonomy":"category","embeddable":true,"href":"https:\/\/www.ecuadortimes.net\/es\/wp-json\/wp\/v2\/categories?post=204787"},{"taxonomy":"post_tag","embeddable":true,"href":"https:\/\/www.ecuadortimes.net\/es\/wp-json\/wp\/v2\/tags?post=204787"}],"curies":[{"name":"wp","href":"https:\/\/api.w.org\/{rel}","templated":true}]}}