{"id":204793,"date":"2011-01-23T00:00:00","date_gmt":"2011-01-23T00:00:00","guid":{"rendered":"https:\/\/www.ecuadortimes.net\/es\/tunez-vive-en-libertad-luego-de-23-anos-de-represion\/"},"modified":"2011-01-23T00:00:00","modified_gmt":"2011-01-23T00:00:00","slug":"tunez-vive-en-libertad-luego-de-23-anos-de-represion","status":"publish","type":"post","link":"https:\/\/www.ecuadortimes.net\/es\/tunez-vive-en-libertad-luego-de-23-anos-de-represion\/","title":{"rendered":"T\u00fanez vive en libertad luego de 23 a\u00f1os de represi\u00f3n"},"content":{"rendered":"<p><a rel=\"attachment wp-att-14674\" href=\"http:\/\/www.ecuadortimes.net\/es\/2011\/01\/22\/tunez-vive-en-libertad-luego-de-23-anos-de-represion\/former-president-on-tunsia-2\/\"><img loading=\"lazy\" class=\"alignleft size-thumbnail wp-image-14674\" src=\"https:\/\/www.ecuadortimes.net\/es\/wp-content\/uploads\/2011\/01\/Former-President-on-Tunsia1-195x110.jpg\" alt=\"\" width=\"195\" height=\"110\" \/><\/a>Luego de 23 a\u00f1os de represi\u00f3n, T\u00fanez vive por primera vez una gran fiesta, luego de que el dictador Zine el Abidine Ben Ali dejase el poder hace ocho d\u00edas.<\/p>\n<p>En las calles se respira alegr\u00eda, personas pintan paredes con mensajes como Libertad, democracia y laicismo\u009d, predican discursos de libertad, cantan el himno de T\u00fanez, venden los libros prohibidos p\u00fablicamente y hasta se burlan con tiras c\u00f3micas del ex-presidente y su esposa.<\/p>\n<p>Las revueltas para destituir del poder a Ben Ali empezaron el 17 de Diciembre y dejaron decenas de personas muertas, sin embargo su destituci\u00f3n no deja satisfechos a los manifestantes que formaron parte de la revoluci\u00f3n de los jazmines, dado que ya est\u00e1n organizando una marcha desde Menzel Bouzaiane a la capital para exigir la salida de los jefes de Gobierno del antiguo r\u00e9gimen. Adem\u00e1s ciertos manifestantes siguen coreando en contra del primer ministro Mohamed Ghanuchi, que esta madrugada ha prometido que abandonar\u00e1 toda actividad pol\u00edtica cuando sean derogadas todas las leyes antidemocr\u00e1ticas y se hayan celebrado elecciones.<\/p>\n","protected":false},"excerpt":{"rendered":"<p>Luego de 23 a\u00f1os de represi\u00f3n, T\u00fanez vive por primera vez una gran fiesta, luego de que el dictador Zine el Abidine Ben Ali dejase el poder hace ocho d\u00edas. En las calles se respira alegr\u00eda, personas pintan paredes con mensajes como Libertad, democracia y laicismo\u009d, predican discursos de libertad, cantan el himno de T\u00fanez, venden los libros prohibidos p\u00fablicamente y hasta se burlan con tiras c\u00f3micas del ex-presidente y su esposa. Las revueltas para destituir del poder a Ben Ali empezaron el 17 de Diciembre y dejaron decenas de personas muertas, sin embargo su destituci\u00f3n no deja satisfechos a los manifestantes que formaron parte de la revoluci\u00f3n de los jazmines, dado que ya est\u00e1n organizando una marcha desde Menzel Bouzaiane a la capital para exigir la salida de los jefes de Gobierno del antiguo r\u00e9gimen. Adem\u00e1s ciertos manifestantes siguen coreando en contra del primer ministro Mohamed Ghanuchi, que esta madrugada ha prometido que abandonar\u00e1 toda actividad pol\u00edtica cuando sean derogadas todas las leyes antidemocr\u00e1ticas y se hayan celebrado elecciones.<\/p>\n","protected":false},"author":1,"featured_media":204794,"comment_status":"open","ping_status":"open","sticky":false,"template":"","format":"standard","meta":[],"categories":[34,37],"tags":[],"_links":{"self":[{"href":"https:\/\/www.ecuadortimes.net\/es\/wp-json\/wp\/v2\/posts\/204793"}],"collection":[{"href":"https:\/\/www.ecuadortimes.net\/es\/wp-json\/wp\/v2\/posts"}],"about":[{"href":"https:\/\/www.ecuadortimes.net\/es\/wp-json\/wp\/v2\/types\/post"}],"author":[{"embeddable":true,"href":"https:\/\/www.ecuadortimes.net\/es\/wp-json\/wp\/v2\/users\/1"}],"replies":[{"embeddable":true,"href":"https:\/\/www.ecuadortimes.net\/es\/wp-json\/wp\/v2\/comments?post=204793"}],"version-history":[{"count":0,"href":"https:\/\/www.ecuadortimes.net\/es\/wp-json\/wp\/v2\/posts\/204793\/revisions"}],"wp:featuredmedia":[{"embeddable":true,"href":"https:\/\/www.ecuadortimes.net\/es\/wp-json\/wp\/v2\/media\/204794"}],"wp:attachment":[{"href":"https:\/\/www.ecuadortimes.net\/es\/wp-json\/wp\/v2\/media?parent=204793"}],"wp:term":[{"taxonomy":"category","embeddable":true,"href":"https:\/\/www.ecuadortimes.net\/es\/wp-json\/wp\/v2\/categories?post=204793"},{"taxonomy":"post_tag","embeddable":true,"href":"https:\/\/www.ecuadortimes.net\/es\/wp-json\/wp\/v2\/tags?post=204793"}],"curies":[{"name":"wp","href":"https:\/\/api.w.org\/{rel}","templated":true}]}}