{"id":204797,"date":"2011-01-23T00:00:00","date_gmt":"2011-01-23T00:00:00","guid":{"rendered":"https:\/\/www.ecuadortimes.net\/es\/806-muertos-en-brasil-por-deslaves\/"},"modified":"2011-01-23T00:00:00","modified_gmt":"2011-01-23T00:00:00","slug":"806-muertos-en-brasil-por-deslaves","status":"publish","type":"post","link":"https:\/\/www.ecuadortimes.net\/es\/806-muertos-en-brasil-por-deslaves\/","title":{"rendered":"806 muertos en Brasil por deslaves"},"content":{"rendered":"<p><a rel=\"attachment wp-att-14708\" href=\"http:\/\/www.ecuadortimes.net\/es\/2011\/01\/23\/806-muertos-en-brasil-por-deslaves\/landslides-at-brazil-2\/\"><img loading=\"lazy\" class=\"alignleft size-thumbnail wp-image-14708\" src=\"https:\/\/www.ecuadortimes.net\/es\/wp-content\/uploads\/2011\/01\/Landslides-at-Brazil1-195x110.jpg\" alt=\"\" width=\"195\" height=\"110\" \/><\/a>Los muertos por inundaciones y deslaves en una regi\u00f3n monta\u00f1osa de Brasil han alcanzado los 806 muertos, seg\u00fan las autoridades del gobierno brasilero.<\/p>\n<p>El desastre es el segundo m\u00e1s grande de Brasil, solo ha sido superado por un brote de meningitis que mat\u00f3 a 1,500 personas en 1974.<\/p>\n<p>Equipos de rescate siguen buscando a cientos de desaparecidos en el lodo, mientras que 20,000 personas han tenido que dejar sus hogares luego de que laderas completas colapsaran luego de que el equivalente de un mes de lluvia cayera en s\u00f3lo 24 horas.<\/p>\n<p>204 personas han sido declaradas desaparecidas, por lo que la cifra de muertes podr\u00eda aumentar a 1000 adem\u00e1s se teme por un brote de enfermedades en las \u00e1reas afectadas.<\/p>\n","protected":false},"excerpt":{"rendered":"<p>Los muertos por inundaciones y deslaves en una regi\u00f3n monta\u00f1osa de Brasil han alcanzado los 806 muertos, seg\u00fan las autoridades del gobierno brasilero. El desastre es el segundo m\u00e1s grande de Brasil, solo ha sido superado por un brote de meningitis que mat\u00f3 a 1,500 personas en 1974. Equipos de rescate siguen buscando a cientos de desaparecidos en el lodo, mientras que 20,000 personas han tenido que dejar sus hogares luego de que laderas completas colapsaran luego de que el equivalente de un mes de lluvia cayera en s\u00f3lo 24 horas. 204 personas han sido declaradas desaparecidas, por lo que la cifra de muertes podr\u00eda aumentar a 1000 adem\u00e1s se teme por un brote de enfermedades en las \u00e1reas afectadas.<\/p>\n","protected":false},"author":1,"featured_media":204798,"comment_status":"open","ping_status":"open","sticky":false,"template":"","format":"standard","meta":[],"categories":[36,37],"tags":[],"_links":{"self":[{"href":"https:\/\/www.ecuadortimes.net\/es\/wp-json\/wp\/v2\/posts\/204797"}],"collection":[{"href":"https:\/\/www.ecuadortimes.net\/es\/wp-json\/wp\/v2\/posts"}],"about":[{"href":"https:\/\/www.ecuadortimes.net\/es\/wp-json\/wp\/v2\/types\/post"}],"author":[{"embeddable":true,"href":"https:\/\/www.ecuadortimes.net\/es\/wp-json\/wp\/v2\/users\/1"}],"replies":[{"embeddable":true,"href":"https:\/\/www.ecuadortimes.net\/es\/wp-json\/wp\/v2\/comments?post=204797"}],"version-history":[{"count":0,"href":"https:\/\/www.ecuadortimes.net\/es\/wp-json\/wp\/v2\/posts\/204797\/revisions"}],"wp:featuredmedia":[{"embeddable":true,"href":"https:\/\/www.ecuadortimes.net\/es\/wp-json\/wp\/v2\/media\/204798"}],"wp:attachment":[{"href":"https:\/\/www.ecuadortimes.net\/es\/wp-json\/wp\/v2\/media?parent=204797"}],"wp:term":[{"taxonomy":"category","embeddable":true,"href":"https:\/\/www.ecuadortimes.net\/es\/wp-json\/wp\/v2\/categories?post=204797"},{"taxonomy":"post_tag","embeddable":true,"href":"https:\/\/www.ecuadortimes.net\/es\/wp-json\/wp\/v2\/tags?post=204797"}],"curies":[{"name":"wp","href":"https:\/\/api.w.org\/{rel}","templated":true}]}}