{"id":204799,"date":"2011-01-24T00:00:00","date_gmt":"2011-01-24T00:00:00","guid":{"rendered":"https:\/\/www.ecuadortimes.net\/es\/el-primer-carro-de-argentina-con-wi-fi\/"},"modified":"2011-01-24T00:00:00","modified_gmt":"2011-01-24T00:00:00","slug":"el-primer-carro-de-argentina-con-wi-fi","status":"publish","type":"post","link":"https:\/\/www.ecuadortimes.net\/es\/el-primer-carro-de-argentina-con-wi-fi\/","title":{"rendered":"El primer carro de Argentina con Wi-Fi"},"content":{"rendered":"<p><a rel=\"attachment wp-att-14721\" href=\"http:\/\/www.ecuadortimes.net\/es\/2011\/01\/23\/el-primer-carro-de-argentina-con-wi-fi\/chevrolet-agile-with-wifi-2\/\"><img loading=\"lazy\" class=\"alignleft size-thumbnail wp-image-14721\" src=\"https:\/\/www.ecuadortimes.net\/es\/wp-content\/uploads\/2011\/01\/Chevrolet-Agile-with-WiFi1-195x110.jpg\" alt=\"\" width=\"195\" height=\"110\" \/><\/a>Este s\u00e1bado, la automotriz General Motors anunci\u00f3 que lanzar\u00e1 en la Argentina el primer auto con Wi-Fi del pa\u00eds.<\/p>\n<p>El Chevrolet, Agile, como se llamar\u00e1, vendr\u00e1 con un Reuter 3G de Movistar integrado que le permitir\u00e1 tener conexi\u00f3n inal\u00e1mbrica dentro del veh\u00edculo.<\/p>\n<p>Ser\u00e1n producidas 200 unidades, que vendr\u00e1n en versiones LS, LT y LTZ. El precio del carro ser\u00e1 $73,190.<\/p>\n<p>Fuente: El Diario 24<\/p>\n","protected":false},"excerpt":{"rendered":"<p>Este s\u00e1bado, la automotriz General Motors anunci\u00f3 que lanzar\u00e1 en la Argentina el primer auto con Wi-Fi del pa\u00eds. El Chevrolet, Agile, como se llamar\u00e1, vendr\u00e1 con un Reuter 3G de Movistar integrado que le permitir\u00e1 tener conexi\u00f3n inal\u00e1mbrica dentro del veh\u00edculo. Ser\u00e1n producidas 200 unidades, que vendr\u00e1n en versiones LS, LT y LTZ. El precio del carro ser\u00e1 $73,190. Fuente: El Diario 24<\/p>\n","protected":false},"author":1,"featured_media":204800,"comment_status":"open","ping_status":"open","sticky":false,"template":"","format":"standard","meta":[],"categories":[31,37],"tags":[],"_links":{"self":[{"href":"https:\/\/www.ecuadortimes.net\/es\/wp-json\/wp\/v2\/posts\/204799"}],"collection":[{"href":"https:\/\/www.ecuadortimes.net\/es\/wp-json\/wp\/v2\/posts"}],"about":[{"href":"https:\/\/www.ecuadortimes.net\/es\/wp-json\/wp\/v2\/types\/post"}],"author":[{"embeddable":true,"href":"https:\/\/www.ecuadortimes.net\/es\/wp-json\/wp\/v2\/users\/1"}],"replies":[{"embeddable":true,"href":"https:\/\/www.ecuadortimes.net\/es\/wp-json\/wp\/v2\/comments?post=204799"}],"version-history":[{"count":0,"href":"https:\/\/www.ecuadortimes.net\/es\/wp-json\/wp\/v2\/posts\/204799\/revisions"}],"wp:featuredmedia":[{"embeddable":true,"href":"https:\/\/www.ecuadortimes.net\/es\/wp-json\/wp\/v2\/media\/204800"}],"wp:attachment":[{"href":"https:\/\/www.ecuadortimes.net\/es\/wp-json\/wp\/v2\/media?parent=204799"}],"wp:term":[{"taxonomy":"category","embeddable":true,"href":"https:\/\/www.ecuadortimes.net\/es\/wp-json\/wp\/v2\/categories?post=204799"},{"taxonomy":"post_tag","embeddable":true,"href":"https:\/\/www.ecuadortimes.net\/es\/wp-json\/wp\/v2\/tags?post=204799"}],"curies":[{"name":"wp","href":"https:\/\/api.w.org\/{rel}","templated":true}]}}