{"id":204807,"date":"2011-01-24T00:00:00","date_gmt":"2011-01-24T00:00:00","guid":{"rendered":"https:\/\/www.ecuadortimes.net\/es\/parto-gratuito-en-la-maternidad-sotomayor\/"},"modified":"2011-01-24T00:00:00","modified_gmt":"2011-01-24T00:00:00","slug":"parto-gratuito-en-la-maternidad-sotomayor","status":"publish","type":"post","link":"https:\/\/www.ecuadortimes.net\/es\/parto-gratuito-en-la-maternidad-sotomayor\/","title":{"rendered":"Parto gratuito en la maternidad Sotomayor"},"content":{"rendered":"<p><a rel=\"attachment wp-att-14784\" href=\"http:\/\/www.ecuadortimes.net\/es\/2011\/01\/24\/parto-gratuito-en-la-maternidad-sotomayor\/bebe-4\/\"><img loading=\"lazy\" class=\"alignleft size-thumbnail wp-image-14784\" src=\"https:\/\/www.ecuadortimes.net\/es\/wp-content\/uploads\/2011\/01\/Beb\u00e91-195x110.jpg\" alt=\"\" width=\"195\" height=\"110\" \/><\/a>La maternidad Enrique Sotomayor celebrar\u00e1 su aniversario 62 entreg\u00e1ndole al infante n\u00famero 1\u0099500.000 que nazca en el establecimiento: Educaci\u00f3n b\u00e1sica gratuita en la unidad educativa Jos\u00e9 Domingo de Santistevan; adem\u00e1s la madre y su reci\u00e9n nacido ser\u00e1n atendidos \u0093sin costo\u0093 en una suite de la cl\u00ednica del Hospital Sotomayor.<\/p>\n<p>El parto se podr\u00eda dar en el plazo de una semana, seg\u00fan el personal de la casa de salud.<\/p>\n<p>Fuente: El Universo<\/p>\n","protected":false},"excerpt":{"rendered":"<p>La maternidad Enrique Sotomayor celebrar\u00e1 su aniversario 62 entreg\u00e1ndole al infante n\u00famero 1\u0099500.000 que nazca en el establecimiento: Educaci\u00f3n b\u00e1sica gratuita en la unidad educativa Jos\u00e9 Domingo de Santistevan; adem\u00e1s la madre y su reci\u00e9n nacido ser\u00e1n atendidos \u0093sin costo\u0093 en una suite de la cl\u00ednica del Hospital Sotomayor. El parto se podr\u00eda dar en el plazo de una semana, seg\u00fan el personal de la casa de salud. Fuente: El Universo<\/p>\n","protected":false},"author":1,"featured_media":204808,"comment_status":"open","ping_status":"open","sticky":false,"template":"","format":"standard","meta":[],"categories":[35,37],"tags":[],"_links":{"self":[{"href":"https:\/\/www.ecuadortimes.net\/es\/wp-json\/wp\/v2\/posts\/204807"}],"collection":[{"href":"https:\/\/www.ecuadortimes.net\/es\/wp-json\/wp\/v2\/posts"}],"about":[{"href":"https:\/\/www.ecuadortimes.net\/es\/wp-json\/wp\/v2\/types\/post"}],"author":[{"embeddable":true,"href":"https:\/\/www.ecuadortimes.net\/es\/wp-json\/wp\/v2\/users\/1"}],"replies":[{"embeddable":true,"href":"https:\/\/www.ecuadortimes.net\/es\/wp-json\/wp\/v2\/comments?post=204807"}],"version-history":[{"count":0,"href":"https:\/\/www.ecuadortimes.net\/es\/wp-json\/wp\/v2\/posts\/204807\/revisions"}],"wp:featuredmedia":[{"embeddable":true,"href":"https:\/\/www.ecuadortimes.net\/es\/wp-json\/wp\/v2\/media\/204808"}],"wp:attachment":[{"href":"https:\/\/www.ecuadortimes.net\/es\/wp-json\/wp\/v2\/media?parent=204807"}],"wp:term":[{"taxonomy":"category","embeddable":true,"href":"https:\/\/www.ecuadortimes.net\/es\/wp-json\/wp\/v2\/categories?post=204807"},{"taxonomy":"post_tag","embeddable":true,"href":"https:\/\/www.ecuadortimes.net\/es\/wp-json\/wp\/v2\/tags?post=204807"}],"curies":[{"name":"wp","href":"https:\/\/api.w.org\/{rel}","templated":true}]}}