{"id":205480,"date":"2011-03-03T00:00:00","date_gmt":"2011-03-03T00:00:00","guid":{"rendered":"https:\/\/www.ecuadortimes.net\/es\/alvaro-noboa-no-soy-representante-legal-ni-director-de-bananera\/"},"modified":"2011-03-03T00:00:00","modified_gmt":"2011-03-03T00:00:00","slug":"alvaro-noboa-no-soy-representante-legal-ni-director-de-bananera","status":"publish","type":"post","link":"https:\/\/www.ecuadortimes.net\/es\/alvaro-noboa-no-soy-representante-legal-ni-director-de-bananera\/","title":{"rendered":"Alvaro Noboa: &#8220;No soy representante legal ni director de Bananera&#8221;"},"content":{"rendered":"<p>La tarde de hoy, el abogado Alvaro Noboa se dirigi\u00f3 al economista Carlos Marx Carrasco y a los se\u00f1ores del S.R.I. mediante una breve conferencia de prensa.<\/p>\n<p>Noboa enfatiz\u00f3: No soy representante legal ni director de la empresa Exportadora Bananera Noboa S.A.\u009d. Noboa recalc\u00f3 que es innecesario que se lo nombre p\u00fablicamente cada vez que se hable de Bananera Noboa.<\/p>\n","protected":false},"excerpt":{"rendered":"<p>La tarde de hoy, el abogado Alvaro Noboa se dirigi\u00f3 al economista Carlos Marx Carrasco y a los se\u00f1ores del S.R.I. mediante una breve conferencia de prensa. Noboa enfatiz\u00f3: No soy representante legal ni director de la empresa Exportadora Bananera Noboa S.A.\u009d. Noboa recalc\u00f3 que es innecesario que se lo nombre p\u00fablicamente cada vez que se hable de Bananera Noboa.<\/p>\n","protected":false},"author":1,"featured_media":205481,"comment_status":"open","ping_status":"open","sticky":false,"template":"","format":"standard","meta":[],"categories":[43,37],"tags":[],"_links":{"self":[{"href":"https:\/\/www.ecuadortimes.net\/es\/wp-json\/wp\/v2\/posts\/205480"}],"collection":[{"href":"https:\/\/www.ecuadortimes.net\/es\/wp-json\/wp\/v2\/posts"}],"about":[{"href":"https:\/\/www.ecuadortimes.net\/es\/wp-json\/wp\/v2\/types\/post"}],"author":[{"embeddable":true,"href":"https:\/\/www.ecuadortimes.net\/es\/wp-json\/wp\/v2\/users\/1"}],"replies":[{"embeddable":true,"href":"https:\/\/www.ecuadortimes.net\/es\/wp-json\/wp\/v2\/comments?post=205480"}],"version-history":[{"count":0,"href":"https:\/\/www.ecuadortimes.net\/es\/wp-json\/wp\/v2\/posts\/205480\/revisions"}],"wp:featuredmedia":[{"embeddable":true,"href":"https:\/\/www.ecuadortimes.net\/es\/wp-json\/wp\/v2\/media\/205481"}],"wp:attachment":[{"href":"https:\/\/www.ecuadortimes.net\/es\/wp-json\/wp\/v2\/media?parent=205480"}],"wp:term":[{"taxonomy":"category","embeddable":true,"href":"https:\/\/www.ecuadortimes.net\/es\/wp-json\/wp\/v2\/categories?post=205480"},{"taxonomy":"post_tag","embeddable":true,"href":"https:\/\/www.ecuadortimes.net\/es\/wp-json\/wp\/v2\/tags?post=205480"}],"curies":[{"name":"wp","href":"https:\/\/api.w.org\/{rel}","templated":true}]}}