{"id":205502,"date":"2011-03-04T00:00:00","date_gmt":"2011-03-04T00:00:00","guid":{"rendered":"https:\/\/www.ecuadortimes.net\/es\/la-fiebre-del-carnaval-es-mundial\/"},"modified":"2011-03-04T00:00:00","modified_gmt":"2011-03-04T00:00:00","slug":"la-fiebre-del-carnaval-es-mundial","status":"publish","type":"post","link":"https:\/\/www.ecuadortimes.net\/es\/la-fiebre-del-carnaval-es-mundial\/","title":{"rendered":"La fiebre del carnaval es mundial"},"content":{"rendered":"<div>\n<p style=\"text-align: justify\"><a rel=\"attachment wp-att-19973\" href=\"http:\/\/www.ecuadortimes.net\/es\/2011\/03\/04\/la-fiebre-del-carnaval-es-mundial\/carnaval_rio\/\"><img loading=\"lazy\" class=\"alignleft size-medium wp-image-19973\" src=\"https:\/\/www.ecuadortimes.net\/es\/wp-content\/uploads\/2011\/03\/carnaval_rio-300x208.jpg\" alt=\"\" width=\"300\" height=\"208\" \/><\/a>La fiesta del carnaval se celebra en varios lugares del mundo. En Brasil, Rio de Janeiro, ya le est\u00e1n poniendo los \u00faltimos detalles a las carrozas aleg\u00f3ricas y las garotas le est\u00e1n poni\u00e9ndo m\u00e1s plumas a sus trajes. Las escuelas de samba se preparan para derrochar talento en los desfiles que se celebrar\u00e1n en el samb\u00f3dromo este fin de semana.<\/p>\n<p style=\"text-align: justify\">En Colonia y Alemania se comenzaron a disfrazar desde ayer, en la celebraci\u00f3n de jueves de carnaval, festejado en la v\u00edspera de la cuaresma.<\/p>\n<p style=\"text-align: justify\">La fiebre del carnaval tambi\u00e9n lleg\u00f3 a Ardez, Suiza, donde varias personas tocaron sus cencerros y cantando por las calles en el valle de Engadin, durante la celebraci\u00f3n del Chalandamarz.<\/p>\n<p style=\"text-align: justify\">En New Orleans, la celebraci\u00f3n de Mardi Gras est\u00e1 entre las m\u00e1s grandes y famosas del mundo. La fiesta comenz\u00f3 el 6 de enero, la noche de Epifan\u00eda, y desde entonces carrozas, bailes de m\u00e1scaras y los famosos king cake llenan de alegr\u00eda el lugar. La \u00faltima semana del carnaval es cuando se ven los desfiles m\u00e1s coloridos.<\/p>\n<p style=\"text-align: justify\">En Venecia, las m\u00e1scaras son el elemento m\u00e1s importante del carnaval. Los trajes que se utilizan son caracter\u00edsticos de los a\u00f1os 1750 y abundan la maschera nobile, que es una careta blanca con ropaje de seda negra y sombrero de tres puntas.<\/p>\n<\/div>\n","protected":false},"excerpt":{"rendered":"<p>La fiesta del carnaval se celebra en varios lugares del mundo. En Brasil, Rio de Janeiro, ya le est\u00e1n poniendo los \u00faltimos detalles a las carrozas aleg\u00f3ricas y las garotas le est\u00e1n poni\u00e9ndo m\u00e1s plumas a sus trajes. Las escuelas de samba se preparan para derrochar talento en los desfiles que se celebrar\u00e1n en el samb\u00f3dromo este fin de semana. En Colonia y Alemania se comenzaron a disfrazar desde ayer, en la celebraci\u00f3n de jueves de carnaval, festejado en la v\u00edspera de la cuaresma. La fiebre del carnaval tambi\u00e9n lleg\u00f3 a Ardez, Suiza, donde varias personas tocaron sus cencerros y cantando por las calles en el valle de Engadin, durante la celebraci\u00f3n del Chalandamarz. En New Orleans, la celebraci\u00f3n de Mardi Gras est\u00e1 entre las m\u00e1s grandes y famosas del mundo. La fiesta comenz\u00f3 el 6 de enero, la noche de Epifan\u00eda, y desde entonces carrozas, bailes de m\u00e1scaras y los famosos king cake llenan de alegr\u00eda el lugar. La \u00faltima semana del carnaval es cuando se ven los desfiles m\u00e1s coloridos. En Venecia, las m\u00e1scaras son el elemento m\u00e1s importante del carnaval. Los trajes que se utilizan son caracter\u00edsticos de los a\u00f1os 1750 y abundan la maschera nobile, que es una careta blanca con ropaje de seda negra y sombrero de tres puntas.<\/p>\n","protected":false},"author":1,"featured_media":205503,"comment_status":"open","ping_status":"open","sticky":false,"template":"","format":"standard","meta":[],"categories":[36,37],"tags":[],"_links":{"self":[{"href":"https:\/\/www.ecuadortimes.net\/es\/wp-json\/wp\/v2\/posts\/205502"}],"collection":[{"href":"https:\/\/www.ecuadortimes.net\/es\/wp-json\/wp\/v2\/posts"}],"about":[{"href":"https:\/\/www.ecuadortimes.net\/es\/wp-json\/wp\/v2\/types\/post"}],"author":[{"embeddable":true,"href":"https:\/\/www.ecuadortimes.net\/es\/wp-json\/wp\/v2\/users\/1"}],"replies":[{"embeddable":true,"href":"https:\/\/www.ecuadortimes.net\/es\/wp-json\/wp\/v2\/comments?post=205502"}],"version-history":[{"count":0,"href":"https:\/\/www.ecuadortimes.net\/es\/wp-json\/wp\/v2\/posts\/205502\/revisions"}],"wp:featuredmedia":[{"embeddable":true,"href":"https:\/\/www.ecuadortimes.net\/es\/wp-json\/wp\/v2\/media\/205503"}],"wp:attachment":[{"href":"https:\/\/www.ecuadortimes.net\/es\/wp-json\/wp\/v2\/media?parent=205502"}],"wp:term":[{"taxonomy":"category","embeddable":true,"href":"https:\/\/www.ecuadortimes.net\/es\/wp-json\/wp\/v2\/categories?post=205502"},{"taxonomy":"post_tag","embeddable":true,"href":"https:\/\/www.ecuadortimes.net\/es\/wp-json\/wp\/v2\/tags?post=205502"}],"curies":[{"name":"wp","href":"https:\/\/api.w.org\/{rel}","templated":true}]}}