{"id":205508,"date":"2011-03-04T00:00:00","date_gmt":"2011-03-04T00:00:00","guid":{"rendered":"https:\/\/www.ecuadortimes.net\/es\/referendum-en-egipto-hara-cambios-en-la-constitucion\/"},"modified":"2011-03-04T00:00:00","modified_gmt":"2011-03-04T00:00:00","slug":"referendum-en-egipto-hara-cambios-en-la-constitucion","status":"publish","type":"post","link":"https:\/\/www.ecuadortimes.net\/es\/referendum-en-egipto-hara-cambios-en-la-constitucion\/","title":{"rendered":"Refer\u00e9ndum en Egipto har\u00e1 cambios en la Constituci\u00f3n"},"content":{"rendered":"<p>El d\u00eda de hoy en El Cairo, el Consejo Supremo de las Fuerzas Armadas anunci\u00f3 que el refer\u00e9ndum est\u00e1 trabajando en la modificaci\u00f3n de la Constituci\u00f3n de Egipto. La culminaci\u00f3n de este proyecto se celebrar\u00e1 el 19 de marzo de acuerdo con el reporte oficial de la agencia MENA.<\/p>\n<p>Las votaciones se llevar\u00e1n a cabo para enmendar y corregir varios art\u00edculos, el m\u00e1s importante es cambiar el periodo del jefe de Estado y los requisitos para ser candidato presidencial.<\/p>\n<p>Fuente: EFE<\/p>\n","protected":false},"excerpt":{"rendered":"<p>El d\u00eda de hoy en El Cairo, el Consejo Supremo de las Fuerzas Armadas anunci\u00f3 que el refer\u00e9ndum est\u00e1 trabajando en la modificaci\u00f3n de la Constituci\u00f3n de Egipto. La culminaci\u00f3n de este proyecto se celebrar\u00e1 el 19 de marzo de acuerdo con el reporte oficial de la agencia MENA. Las votaciones se llevar\u00e1n a cabo para enmendar y corregir varios art\u00edculos, el m\u00e1s importante es cambiar el periodo del jefe de Estado y los requisitos para ser candidato presidencial. Fuente: EFE<\/p>\n","protected":false},"author":1,"featured_media":205509,"comment_status":"open","ping_status":"open","sticky":false,"template":"","format":"standard","meta":[],"categories":[30],"tags":[],"_links":{"self":[{"href":"https:\/\/www.ecuadortimes.net\/es\/wp-json\/wp\/v2\/posts\/205508"}],"collection":[{"href":"https:\/\/www.ecuadortimes.net\/es\/wp-json\/wp\/v2\/posts"}],"about":[{"href":"https:\/\/www.ecuadortimes.net\/es\/wp-json\/wp\/v2\/types\/post"}],"author":[{"embeddable":true,"href":"https:\/\/www.ecuadortimes.net\/es\/wp-json\/wp\/v2\/users\/1"}],"replies":[{"embeddable":true,"href":"https:\/\/www.ecuadortimes.net\/es\/wp-json\/wp\/v2\/comments?post=205508"}],"version-history":[{"count":0,"href":"https:\/\/www.ecuadortimes.net\/es\/wp-json\/wp\/v2\/posts\/205508\/revisions"}],"wp:featuredmedia":[{"embeddable":true,"href":"https:\/\/www.ecuadortimes.net\/es\/wp-json\/wp\/v2\/media\/205509"}],"wp:attachment":[{"href":"https:\/\/www.ecuadortimes.net\/es\/wp-json\/wp\/v2\/media?parent=205508"}],"wp:term":[{"taxonomy":"category","embeddable":true,"href":"https:\/\/www.ecuadortimes.net\/es\/wp-json\/wp\/v2\/categories?post=205508"},{"taxonomy":"post_tag","embeddable":true,"href":"https:\/\/www.ecuadortimes.net\/es\/wp-json\/wp\/v2\/tags?post=205508"}],"curies":[{"name":"wp","href":"https:\/\/api.w.org\/{rel}","templated":true}]}}