{"id":205516,"date":"2011-03-05T00:00:00","date_gmt":"2011-03-05T00:00:00","guid":{"rendered":"https:\/\/www.ecuadortimes.net\/es\/correa-demandara-a-sovenis-por-el-incidente-fascista\/"},"modified":"2011-03-05T00:00:00","modified_gmt":"2011-03-05T00:00:00","slug":"correa-demandara-a-sovenis-por-el-incidente-fascista","status":"publish","type":"post","link":"https:\/\/www.ecuadortimes.net\/es\/correa-demandara-a-sovenis-por-el-incidente-fascista\/","title":{"rendered":"Correa demandar\u00e1 a Sovenis por el incidente &#8220;fascista&#8221;"},"content":{"rendered":"<p><a rel=\"attachment wp-att-20038\" href=\"http:\/\/www.ecuadortimes.net\/2011\/03\/04\/correa-claims-against-sovenis\/pr04b010311-photo01_228_168\/\"><img loading=\"lazy\" class=\"alignright size-full wp-image-20038\" src=\"https:\/\/www.ecuadortimes.net\/es\/wp-content\/uploads\/2011\/03\/pr04b010311-photo01_228_168.jpg\" alt=\"\" width=\"228\" height=\"153\" \/><\/a>El presidente del Ecuador, Rafael Correa, mediante una entrevista televisada, anunci\u00f3 que iniciar\u00e1 un juicio penal contra Marcos Luis Sovenis, quien d\u00edas atr\u00e1s arremeti\u00f3 contra el primer mandatario llam\u00e1ndolo fascista\u009d.<\/p>\n<p>(\u00a6) Les aseguro que hay gente detr\u00e1s de esto por la campa\u00f1a electoral. (\u00a6) Tambi\u00e9n tendr\u00e1 la demanda del caso porque insultar al presidente, decirle fascista, etc\u00e9tera, es penal, es un delito penal, se llama Desacato. Nos guste o no nos guste, es tipificado en el C\u00f3digo Penal y es un da\u00f1o moral; afect\u00f3 mi honra (\u00a6)\u009d, expres\u00f3 Correa a trav\u00e9s del canal Telemar.<\/p>\n<p>Seg\u00fan la versi\u00f3n del mandatario, Sovenis se abalanz\u00f3 a la caravana presidencial sin ning\u00fan motivo y acus\u00f3 al ciudadano de estar bajo las influencias de alguna droga.<\/p>\n<p>Poco despu\u00e9s de gritarle fascista\u009d al primer mandatario, el ciudadano se vio rodeado de escoltas militares que lo arrastraron hacia una camioneta y le profirieron golpes en la cabeza, espalda, abdomen y cuello. Debido a esta agresi\u00f3n, Sovenis perdi\u00f3 todos sus documentos personales y la bicicleta en donde se transportaba.<\/p>\n<p>Por otro lado, Correa aclar\u00f3 que fue la seguridad presidencial quien detuvo al ciudadano, sino las fuerzas especiales de Quevedo que es parte de la Brigada Patria.<\/p>\n<p>La denuncia que present\u00f3 Sovenis por agresi\u00f3n y que fue en la Fiscal\u00eda de Babahoyo, se encuentra en la sala de sorteos para la designaci\u00f3n del fiscal que iniciar\u00e1 las investigaciones.<\/p>\n","protected":false},"excerpt":{"rendered":"<p>El presidente del Ecuador, Rafael Correa, mediante una entrevista televisada, anunci\u00f3 que iniciar\u00e1 un juicio penal contra Marcos Luis Sovenis, quien d\u00edas atr\u00e1s arremeti\u00f3 contra el primer mandatario llam\u00e1ndolo fascista\u009d. (\u00a6) Les aseguro que hay gente detr\u00e1s de esto por la campa\u00f1a electoral. (\u00a6) Tambi\u00e9n tendr\u00e1 la demanda del caso porque insultar al presidente, decirle fascista, etc\u00e9tera, es penal, es un delito penal, se llama Desacato. Nos guste o no nos guste, es tipificado en el C\u00f3digo Penal y es un da\u00f1o moral; afect\u00f3 mi honra (\u00a6)\u009d, expres\u00f3 Correa a trav\u00e9s del canal Telemar. Seg\u00fan la versi\u00f3n del mandatario, Sovenis se abalanz\u00f3 a la caravana presidencial sin ning\u00fan motivo y acus\u00f3 al ciudadano de estar bajo las influencias de alguna droga. Poco despu\u00e9s de gritarle fascista\u009d al primer mandatario, el ciudadano se vio rodeado de escoltas militares que lo arrastraron hacia una camioneta y le profirieron golpes en la cabeza, espalda, abdomen y cuello. Debido a esta agresi\u00f3n, Sovenis perdi\u00f3 todos sus documentos personales y la bicicleta en donde se transportaba. Por otro lado, Correa aclar\u00f3 que fue la seguridad presidencial quien detuvo al ciudadano, sino las fuerzas especiales de Quevedo que es parte de la Brigada Patria. La denuncia que present\u00f3 Sovenis por agresi\u00f3n y que fue en la Fiscal\u00eda de Babahoyo, se encuentra en la sala de sorteos para la designaci\u00f3n del fiscal que iniciar\u00e1 las investigaciones.<\/p>\n","protected":false},"author":1,"featured_media":205517,"comment_status":"open","ping_status":"open","sticky":false,"template":"","format":"standard","meta":[],"categories":[40,37],"tags":[],"_links":{"self":[{"href":"https:\/\/www.ecuadortimes.net\/es\/wp-json\/wp\/v2\/posts\/205516"}],"collection":[{"href":"https:\/\/www.ecuadortimes.net\/es\/wp-json\/wp\/v2\/posts"}],"about":[{"href":"https:\/\/www.ecuadortimes.net\/es\/wp-json\/wp\/v2\/types\/post"}],"author":[{"embeddable":true,"href":"https:\/\/www.ecuadortimes.net\/es\/wp-json\/wp\/v2\/users\/1"}],"replies":[{"embeddable":true,"href":"https:\/\/www.ecuadortimes.net\/es\/wp-json\/wp\/v2\/comments?post=205516"}],"version-history":[{"count":0,"href":"https:\/\/www.ecuadortimes.net\/es\/wp-json\/wp\/v2\/posts\/205516\/revisions"}],"wp:featuredmedia":[{"embeddable":true,"href":"https:\/\/www.ecuadortimes.net\/es\/wp-json\/wp\/v2\/media\/205517"}],"wp:attachment":[{"href":"https:\/\/www.ecuadortimes.net\/es\/wp-json\/wp\/v2\/media?parent=205516"}],"wp:term":[{"taxonomy":"category","embeddable":true,"href":"https:\/\/www.ecuadortimes.net\/es\/wp-json\/wp\/v2\/categories?post=205516"},{"taxonomy":"post_tag","embeddable":true,"href":"https:\/\/www.ecuadortimes.net\/es\/wp-json\/wp\/v2\/tags?post=205516"}],"curies":[{"name":"wp","href":"https:\/\/api.w.org\/{rel}","templated":true}]}}