{"id":205518,"date":"2011-03-05T00:00:00","date_gmt":"2011-03-05T00:00:00","guid":{"rendered":"https:\/\/www.ecuadortimes.net\/es\/apelacion-indigena-contra-chevron-avanza\/"},"modified":"2011-03-05T00:00:00","modified_gmt":"2011-03-05T00:00:00","slug":"apelacion-indigena-contra-chevron-avanza","status":"publish","type":"post","link":"https:\/\/www.ecuadortimes.net\/es\/apelacion-indigena-contra-chevron-avanza\/","title":{"rendered":"Apelaci\u00f3n ind\u00edgena contra Chevron avanza"},"content":{"rendered":"<p>Un pedido de apelaci\u00f3n presentado por comunidades ind\u00edgenas de Ecuador, dentro de un millonario juicio ambiental en contra de la compa\u00f1\u00eda Chevron Corp., pas\u00f3 a una nueva instancia el viernes despu\u00e9s de que el juez que tramitaba la causa lo aceptara.<\/p>\n<p>La solicitud presentada por los demandantes hace pocas semanas, incluye la revisi\u00f3n de la sanci\u00f3n econ\u00f3mica de unos 8 646 millones de d\u00f3lares impuesta a la transnacional.<\/p>\n<p>Los ind\u00edgenas argumentan que el monto no es suficiente para remediar las zonas que Chevron habr\u00eda contaminado durante su operaci\u00f3n en el pa\u00eds entre las d\u00e9cadas de los 1970 y 1980.<\/p>\n<p>La apelaci\u00f3n, de esta forma, pasa a una nueva Sala dentro de la Corte de Sucumb\u00edos donde ser\u00e1 analizada por tres jueces secundarios que ser\u00e1n designados por el juez Nicol\u00e1s Zambrano, quien emiti\u00f3 el fallo.<\/p>\n<p>Actualmente Chevron no tiene activos en Ecuador por lo que los demandantes han mencionado la posibilidad de acudir a instancias internacionales para pedir el embargo de posesiones de Chevron en otros pa\u00edses.<\/p>\n<p>Fuente: El Comercio<\/p>\n","protected":false},"excerpt":{"rendered":"<p>Un pedido de apelaci\u00f3n presentado por comunidades ind\u00edgenas de Ecuador, dentro de un millonario juicio ambiental en contra de la compa\u00f1\u00eda Chevron Corp., pas\u00f3 a una nueva instancia el viernes despu\u00e9s de que el juez que tramitaba la causa lo aceptara. La solicitud presentada por los demandantes hace pocas semanas, incluye la revisi\u00f3n de la sanci\u00f3n econ\u00f3mica de unos 8 646 millones de d\u00f3lares impuesta a la transnacional. Los ind\u00edgenas argumentan que el monto no es suficiente para remediar las zonas que Chevron habr\u00eda contaminado durante su operaci\u00f3n en el pa\u00eds entre las d\u00e9cadas de los 1970 y 1980. La apelaci\u00f3n, de esta forma, pasa a una nueva Sala dentro de la Corte de Sucumb\u00edos donde ser\u00e1 analizada por tres jueces secundarios que ser\u00e1n designados por el juez Nicol\u00e1s Zambrano, quien emiti\u00f3 el fallo. Actualmente Chevron no tiene activos en Ecuador por lo que los demandantes han mencionado la posibilidad de acudir a instancias internacionales para pedir el embargo de posesiones de Chevron en otros pa\u00edses. Fuente: El Comercio<\/p>\n","protected":false},"author":1,"featured_media":205519,"comment_status":"open","ping_status":"open","sticky":false,"template":"","format":"standard","meta":[],"categories":[35,37],"tags":[],"_links":{"self":[{"href":"https:\/\/www.ecuadortimes.net\/es\/wp-json\/wp\/v2\/posts\/205518"}],"collection":[{"href":"https:\/\/www.ecuadortimes.net\/es\/wp-json\/wp\/v2\/posts"}],"about":[{"href":"https:\/\/www.ecuadortimes.net\/es\/wp-json\/wp\/v2\/types\/post"}],"author":[{"embeddable":true,"href":"https:\/\/www.ecuadortimes.net\/es\/wp-json\/wp\/v2\/users\/1"}],"replies":[{"embeddable":true,"href":"https:\/\/www.ecuadortimes.net\/es\/wp-json\/wp\/v2\/comments?post=205518"}],"version-history":[{"count":0,"href":"https:\/\/www.ecuadortimes.net\/es\/wp-json\/wp\/v2\/posts\/205518\/revisions"}],"wp:featuredmedia":[{"embeddable":true,"href":"https:\/\/www.ecuadortimes.net\/es\/wp-json\/wp\/v2\/media\/205519"}],"wp:attachment":[{"href":"https:\/\/www.ecuadortimes.net\/es\/wp-json\/wp\/v2\/media?parent=205518"}],"wp:term":[{"taxonomy":"category","embeddable":true,"href":"https:\/\/www.ecuadortimes.net\/es\/wp-json\/wp\/v2\/categories?post=205518"},{"taxonomy":"post_tag","embeddable":true,"href":"https:\/\/www.ecuadortimes.net\/es\/wp-json\/wp\/v2\/tags?post=205518"}],"curies":[{"name":"wp","href":"https:\/\/api.w.org\/{rel}","templated":true}]}}