{"id":205520,"date":"2011-03-05T00:00:00","date_gmt":"2011-03-05T00:00:00","guid":{"rendered":"https:\/\/www.ecuadortimes.net\/es\/una-pasion-que-llego-como-por-arte-de-magia\/"},"modified":"2011-03-05T00:00:00","modified_gmt":"2011-03-05T00:00:00","slug":"una-pasion-que-llego-como-por-arte-de-magia","status":"publish","type":"post","link":"https:\/\/www.ecuadortimes.net\/es\/una-pasion-que-llego-como-por-arte-de-magia\/","title":{"rendered":"Una pasi\u00f3n que lleg\u00f3 como por arte de magia"},"content":{"rendered":"<p style=\"text-align: justify;\">Por: Bel\u00e9n Guerrero G\u00f3mez\u00a0<strong><a href=\"http:\/\/twitter.com\/#!\/belenggomez\" target=\"_blank\" rel=\"noopener noreferrer\">@belenggomez<\/a><\/strong><\/p>\n<div id=\"attachment_20078\" style=\"width: 513px\" class=\"wp-caption aligncenter\"><a href=\"http:\/\/www.ecuadortimes.net\/es\/2011\/10\/02\/una-pasion-que-llego-como-por-arte-de-magia\/raul-2\/\" rel=\"attachment wp-att-20078\"><img aria-describedby=\"caption-attachment-20078\" loading=\"lazy\" class=\"size-full wp-image-20078 \" src=\"http:\/\/media.ecuadortimes.net\/2011\/03\/raul1.png\" alt=\"Raul Adatti y Siegfried Tieber\" width=\"503\" height=\"314\" \/><\/a><p id=\"caption-attachment-20078\" class=\"wp-caption-text\">Raul Adatti y Siegfried Tieber<\/p><\/div>\n<h2 style=\"text-align: justify;\">Dos j\u00f3venes quite\u00f1os que de manera inesperada descubrieron en la magia su verdadera vocaci\u00f3n.<\/h2>\n<p style=\"text-align: justify;\">Mi entrevista se realiz\u00f3 de una manera poco ortodoxa, yo dir\u00eda algo atropellada, sin embargo los resultados fueron m\u00e1gicamente satisfactorios. <strong>Siegfried Tieber<\/strong>, m\u00e1s conocido por sus amigos como\u00a0El Chacha\u009d, fue mi invitado a este di\u00e1logo literalmente virtual.<\/p>\n<p style=\"text-align: justify;\">Hijo de padre austriaco y madre colombiana, Siegfried afirma que en su familia no existe ning\u00fan antecedente de magos, es por eso que aun no se explica el por qu\u00e9 de tanta pasi\u00f3n por este oficio.<\/p>\n<p style=\"text-align: justify;\">Todo\u00a0empez\u00f3 cuando un amigo de la universidad le regal\u00f3 su primer libro de magia. Al leerlo, Siegfried qued\u00f3 completamente intrigado por este arte y, a ra\u00edz de esto, empieza su preparaci\u00f3n diaria\u00a0de forma autodidacta. Luego de dos a\u00f1os en donde fue perfeccionando su t\u00e9cnica, Siegfried empez\u00f3 a ejercer la magia profesionalmente.<\/p>\n<p style=\"text-align: justify;\">Al principio trabajaba a medio tiempo porque ten\u00eda clases en la universidad (\u00a6) pero ahora, que estoy graduado, me dedico a tiempo completo.\u009d<\/p>\n<p style=\"text-align: justify;\">Despu\u00e9s de que le preguntara si la magia y el ilusionismo eran dos cosas distintas, \u00e9l explic\u00f3:<\/p>\n<div id=\"attachment_25930\" style=\"width: 170px\" class=\"wp-caption alignright\"><a href=\"http:\/\/www.ecuadortimes.net\/es\/2011\/10\/02\/una-pasion-que-llego-como-por-arte-de-magia\/carta-fading-3\/\" rel=\"attachment wp-att-25930\"><img aria-describedby=\"caption-attachment-25930\" loading=\"lazy\" class=\"size-medium wp-image-25930\" src=\"https:\/\/www.ecuadortimes.net\/es\/wp-content\/uploads\/2011\/03\/carta-fading2-200x300.jpg\" alt=\"Siegfried Tieber\" width=\"160\" height=\"240\" \/><\/a><p id=\"caption-attachment-25930\" class=\"wp-caption-text\">Siegfried Tieber<\/p><\/div>\n<p style=\"text-align: justify;\">En teor\u00eda, las dos cosas son lo mismo, pero por lo general, la gente relaciona la magia con juegos tradicionales que se realizan con instrumentos cotidianos (cartas, monedas, ropa etc.), y que por lo general se lo define como Magia de Cerca (\u00a6). Mientras que el ilusionismo tienden a diferenciarlo por su realizaci\u00f3n mediante el juego de la mente, creando una ilusi\u00f3n en el espectador de tal forma que piense que lo que est\u00e1 viendo es la realidad (\u00a6).<\/p>\n<p style=\"text-align: justify;\">Al cabo de una hora de conversaci\u00f3n con Siegfried, me presentaron a <strong><a href=\"http:\/\/rauladatti.com\/\" target=\"_blank\" rel=\"noopener noreferrer\">Ra\u00fal Adatti<\/a><\/strong>, un economista, marketero y psic\u00f3logo de 25 a\u00f1os, que prefiri\u00f3 unificar sus conocimientos universitarios\u00a0para aplicarlos en su nueva profesi\u00f3n: El Ilusionismo.<\/p>\n<p style=\"text-align: justify;\">Con una vestimenta caracter\u00edstica de todo mago, Ra\u00fal\u00a0me cuenta que su fijaci\u00f3n por la magia naci\u00f3 a los 18 a\u00f1os, y admiti\u00f3 que al principio lo hizo para llamar la atenci\u00f3n de la gente. \u00a1Y s\u00ed que lo logr\u00f3!<\/p>\n<p style=\"text-align: justify;\">Siegfried y Ra\u00fal empezaron a estudiar Magia juntos pr\u00e1cticamente al mismo tiempo, tras conocerse en la universidad y convertirse en amigos. Despu\u00e9s de unos a\u00f1os, los dos decidieron tomar en serio la labor de ser Magos profesionales y encaminar un negocio pr\u00f3spero en la industria del entretenimiento.<\/p>\n<p style=\"text-align: justify;\">Su show es dirigido a p\u00fablico adulto y por lo general son contratados para eventos corporativos. Tambi\u00e9n se han presentado en teatros, bares y caf\u00e9s, con audiencias de hasta 600 personas. La duraci\u00f3n de cada show var\u00eda de acuerdo al tipo de evento que sea y depende\u00a0\u00a0del target de su publico (1 hora \/ 1 hora y media).<\/p>\n<p style=\"text-align: justify;\">A pesar de tener estilos distintos al momento de trabajar, estos dos profesionales del ilusionismo se complementan muy bien en el escenario, logrando fusionar las habilidades de cada uno de ellos para crear un espect\u00e1culo integral. Mientras\u00a0Siegfried prefiere realizar sus ilusiones a pocos cent\u00edmetros de sus espectadores (o hasta en sus propias manos), Ra\u00fal opta por jugar con la psiquis de las personas, por medio de la hipnosis, y de esta forma analizar el comportamiento del espectador ante una at\u00f3nita ilusi\u00f3n.<\/p>\n<div id=\"attachment_25931\" style=\"width: 213px\" class=\"wp-caption alignleft\"><a href=\"http:\/\/www.ecuadortimes.net\/es\/2011\/10\/02\/una-pasion-que-llego-como-por-arte-de-magia\/raul-4\/\" rel=\"attachment wp-att-25931\"><img aria-describedby=\"caption-attachment-25931\" loading=\"lazy\" class=\"size-medium wp-image-25931 \" src=\"https:\/\/www.ecuadortimes.net\/es\/wp-content\/uploads\/2011\/03\/raul3-256x300.png\" alt=\"Raul Adatti\" width=\"203\" height=\"238\" \/><\/a><p id=\"caption-attachment-25931\" class=\"wp-caption-text\">Raul Adatti<\/p><\/div>\n<p style=\"text-align: justify;\">Quise preguntarles por un viaje que sabia iban a realizar pero, como si hubiese le\u00eddo mi mente, Siegfried se me adelant\u00f3 y me detallo los pormenores de esta pronta aventura. Viajar\u00e1n a Guatemala al congreso de magia m\u00e1s importante del a\u00f1o a nivel latinoamericano, donde tendr\u00e1n la oportunidad de escuchar a conferencistas (Magos) internacionales, realizar actividades y asistir a una gala de clausura. Este congreso dar\u00e1 inicio este martes 8 de marzo y culminar\u00e1 el domingo 13 del mismo mes.<\/p>\n<p style=\"text-align: justify;\">Para terminar m\u00ed entrevista, no pod\u00eda dejarlos ir sin que antes me digan qu\u00e9 se necesita para ser un buen Mago, y los dos coincidieron en la misma palabra: se necesita Amor.\u00a0Entrega,\u00a0dedicaci\u00f3n,\u00a0sacrificio y\u00a0constancia fueron algunos valores que\u00a0nombraron para responder a mi pregunta.\u00a0Todo eso sumado es igual al Amor\u009d, dijo Siegfried.<\/p>\n<p style=\"text-align: justify;\">Para estos dos grandes Magos, lo m\u00e1s grato de este trabajo es ver la alegr\u00eda de la gente y la satisfacci\u00f3n de ver en sus rostros que han disfrutado del espect\u00e1culo.\u00a0\u00a0Siegfried y Ra\u00fal han hecho de la magia un cristal para ver la realidad desde otra perspectiva, un medio para confundir, enga\u00f1ar, divertir, intrigar y sobretodo complacer a la gente. Este oficio que convirtieron en profesi\u00f3n es ahora su sustento, su pasi\u00f3n y su vida.<\/p>\n","protected":false},"excerpt":{"rendered":"<p>Por: Bel\u00e9n Guerrero G\u00f3mez\u00a0@belenggomez Dos j\u00f3venes quite\u00f1os que de manera inesperada descubrieron en la magia su verdadera vocaci\u00f3n. Mi entrevista se realiz\u00f3 de una manera poco ortodoxa, yo dir\u00eda algo atropellada, sin embargo los resultados fueron m\u00e1gicamente satisfactorios. Siegfried Tieber, m\u00e1s conocido por sus amigos como\u00a0El Chacha\u009d, fue mi invitado a este di\u00e1logo literalmente virtual. Hijo de padre austriaco y madre colombiana, Siegfried afirma que en su familia no existe ning\u00fan antecedente de magos, es por eso que aun no se explica el por qu\u00e9 de tanta pasi\u00f3n por este oficio. Todo\u00a0empez\u00f3 cuando un amigo de la universidad le regal\u00f3 su primer libro de magia. Al leerlo, Siegfried qued\u00f3 completamente intrigado por este arte y, a ra\u00edz de esto, empieza su preparaci\u00f3n diaria\u00a0de forma autodidacta. Luego de dos a\u00f1os en donde fue perfeccionando su t\u00e9cnica, Siegfried empez\u00f3 a ejercer la magia profesionalmente. Al principio trabajaba a medio tiempo porque ten\u00eda clases en la universidad (\u00a6) pero ahora, que estoy graduado, me dedico a tiempo completo.\u009d Despu\u00e9s de que le preguntara si la magia y el ilusionismo eran dos cosas distintas, \u00e9l explic\u00f3: En teor\u00eda, las dos cosas son lo mismo, pero por lo general, la gente relaciona la magia con juegos tradicionales que se realizan con instrumentos cotidianos (cartas, monedas, ropa etc.), y que por lo general se lo define como Magia de Cerca (\u00a6). Mientras que el ilusionismo tienden a diferenciarlo por su realizaci\u00f3n mediante el juego de la mente, creando una ilusi\u00f3n en el espectador de tal forma que piense que lo que est\u00e1 viendo es la realidad (\u00a6). Al cabo de una hora de conversaci\u00f3n con Siegfried, me presentaron a Ra\u00fal Adatti, un economista, marketero y psic\u00f3logo de 25 a\u00f1os, que prefiri\u00f3 unificar sus conocimientos universitarios\u00a0para aplicarlos en su nueva profesi\u00f3n: El Ilusionismo. Con una vestimenta caracter\u00edstica de todo mago, Ra\u00fal\u00a0me cuenta que su fijaci\u00f3n por la magia naci\u00f3 a los 18 a\u00f1os, y admiti\u00f3 que al principio lo hizo para llamar la atenci\u00f3n de la gente. \u00a1Y s\u00ed que lo logr\u00f3! Siegfried y Ra\u00fal empezaron a estudiar Magia juntos pr\u00e1cticamente al mismo tiempo, tras conocerse en la universidad y convertirse en amigos. Despu\u00e9s de unos a\u00f1os, los dos decidieron tomar en serio la labor de ser Magos profesionales y encaminar un negocio pr\u00f3spero en la industria del entretenimiento. Su show es dirigido a p\u00fablico adulto y por lo general son contratados para eventos corporativos. Tambi\u00e9n se han presentado en teatros, bares y caf\u00e9s, con audiencias de hasta 600 personas. La duraci\u00f3n de cada show var\u00eda de acuerdo al tipo de evento que sea y depende\u00a0\u00a0del target de su publico (1 hora \/ 1 hora y media). A pesar de tener estilos distintos al momento de trabajar, estos dos profesionales del ilusionismo se complementan muy bien en el escenario, logrando fusionar las habilidades de cada uno de ellos para crear un espect\u00e1culo integral. Mientras\u00a0Siegfried prefiere realizar sus ilusiones a pocos cent\u00edmetros de sus espectadores (o hasta en sus propias manos), Ra\u00fal opta por jugar con la psiquis de las personas, por medio de la hipnosis, y de esta forma analizar el comportamiento del espectador ante una at\u00f3nita ilusi\u00f3n. Quise preguntarles por un viaje que sabia iban a realizar pero, como si hubiese le\u00eddo mi mente, Siegfried se me adelant\u00f3 y me detallo los pormenores de esta pronta aventura. Viajar\u00e1n a Guatemala al congreso de magia m\u00e1s importante del a\u00f1o a nivel latinoamericano, donde tendr\u00e1n la oportunidad de escuchar a conferencistas (Magos) internacionales, realizar actividades y asistir a una gala de clausura. Este congreso dar\u00e1 inicio este martes 8 de marzo y culminar\u00e1 el domingo 13 del mismo mes. Para terminar m\u00ed entrevista, no pod\u00eda dejarlos ir sin que antes me digan qu\u00e9 se necesita para ser un buen Mago, y los dos coincidieron en la misma palabra: se necesita Amor.\u00a0Entrega,\u00a0dedicaci\u00f3n,\u00a0sacrificio y\u00a0constancia fueron algunos valores que\u00a0nombraron para responder a mi pregunta.\u00a0Todo eso sumado es igual al Amor\u009d, dijo Siegfried. Para estos dos grandes Magos, lo m\u00e1s grato de este trabajo es ver la alegr\u00eda de la gente y la satisfacci\u00f3n de ver en sus rostros que han disfrutado del espect\u00e1culo.\u00a0\u00a0Siegfried y Ra\u00fal han hecho de la magia un cristal para ver la realidad desde otra perspectiva, un medio para confundir, enga\u00f1ar, divertir, intrigar y sobretodo complacer a la gente. Este oficio que convirtieron en profesi\u00f3n es ahora su sustento, su pasi\u00f3n y su vida.<\/p>\n","protected":false},"author":1,"featured_media":205521,"comment_status":"open","ping_status":"open","sticky":false,"template":"","format":"standard","meta":[],"categories":[37,46],"tags":[],"_links":{"self":[{"href":"https:\/\/www.ecuadortimes.net\/es\/wp-json\/wp\/v2\/posts\/205520"}],"collection":[{"href":"https:\/\/www.ecuadortimes.net\/es\/wp-json\/wp\/v2\/posts"}],"about":[{"href":"https:\/\/www.ecuadortimes.net\/es\/wp-json\/wp\/v2\/types\/post"}],"author":[{"embeddable":true,"href":"https:\/\/www.ecuadortimes.net\/es\/wp-json\/wp\/v2\/users\/1"}],"replies":[{"embeddable":true,"href":"https:\/\/www.ecuadortimes.net\/es\/wp-json\/wp\/v2\/comments?post=205520"}],"version-history":[{"count":0,"href":"https:\/\/www.ecuadortimes.net\/es\/wp-json\/wp\/v2\/posts\/205520\/revisions"}],"wp:featuredmedia":[{"embeddable":true,"href":"https:\/\/www.ecuadortimes.net\/es\/wp-json\/wp\/v2\/media\/205521"}],"wp:attachment":[{"href":"https:\/\/www.ecuadortimes.net\/es\/wp-json\/wp\/v2\/media?parent=205520"}],"wp:term":[{"taxonomy":"category","embeddable":true,"href":"https:\/\/www.ecuadortimes.net\/es\/wp-json\/wp\/v2\/categories?post=205520"},{"taxonomy":"post_tag","embeddable":true,"href":"https:\/\/www.ecuadortimes.net\/es\/wp-json\/wp\/v2\/tags?post=205520"}],"curies":[{"name":"wp","href":"https:\/\/api.w.org\/{rel}","templated":true}]}}