{"id":205522,"date":"2011-03-06T00:00:00","date_gmt":"2011-03-06T00:00:00","guid":{"rendered":"https:\/\/www.ecuadortimes.net\/es\/lucero-y-mijares-hicieron-oficial-su-separacion\/"},"modified":"2011-03-06T00:00:00","modified_gmt":"2011-03-06T00:00:00","slug":"lucero-y-mijares-hicieron-oficial-su-separacion","status":"publish","type":"post","link":"https:\/\/www.ecuadortimes.net\/es\/lucero-y-mijares-hicieron-oficial-su-separacion\/","title":{"rendered":"Lucero y Mijares hicieron oficial su separaci\u00f3n"},"content":{"rendered":"<p><a rel=\"attachment wp-att-20084\" href=\"http:\/\/www.ecuadortimes.net\/2011\/03\/06\/lucero-and-mijares-confirms-their-separation\/mijaresluceronte-1\/\"><img loading=\"lazy\" class=\"size-full wp-image-20084 alignright\" src=\"https:\/\/www.ecuadortimes.net\/es\/wp-content\/uploads\/2011\/03\/mijareslucerontE-1.jpg\" alt=\"\" width=\"188\" height=\"149\" \/><\/a><\/p>\n<p>El matrimonio de 14 a\u00f1os entre la cantante y actriz, Lucero Hogaza con el artista Manuel Mijares, llega a su fin.<\/p>\n<p>La noticia de la ruptura se hizo \u00a0oficial el pasado 4 de marzo. Por medio de un comunicado v\u00eda Twitter, la pareja expres\u00f3 que la decisi\u00f3n hab\u00eda sido tomada meses atr\u00e1s, pero prefirieron postergar el anuncio por motivos familiares.<\/p>\n<p>En los \u00faltimos dos a\u00f1os, existieron frecuentes rumores sobre la delicada situaci\u00f3n que la pareja estaba atravesando y de una supuesta\u00a0 separaci\u00f3n, pero los cantantes desment\u00edan dichas versiones.<\/p>\n","protected":false},"excerpt":{"rendered":"<p>El matrimonio de 14 a\u00f1os entre la cantante y actriz, Lucero Hogaza con el artista Manuel Mijares, llega a su fin. La noticia de la ruptura se hizo \u00a0oficial el pasado 4 de marzo. Por medio de un comunicado v\u00eda Twitter, la pareja expres\u00f3 que la decisi\u00f3n hab\u00eda sido tomada meses atr\u00e1s, pero prefirieron postergar el anuncio por motivos familiares. En los \u00faltimos dos a\u00f1os, existieron frecuentes rumores sobre la delicada situaci\u00f3n que la pareja estaba atravesando y de una supuesta\u00a0 separaci\u00f3n, pero los cantantes desment\u00edan dichas versiones.<\/p>\n","protected":false},"author":1,"featured_media":205523,"comment_status":"open","ping_status":"open","sticky":false,"template":"","format":"standard","meta":[],"categories":[44,37],"tags":[],"_links":{"self":[{"href":"https:\/\/www.ecuadortimes.net\/es\/wp-json\/wp\/v2\/posts\/205522"}],"collection":[{"href":"https:\/\/www.ecuadortimes.net\/es\/wp-json\/wp\/v2\/posts"}],"about":[{"href":"https:\/\/www.ecuadortimes.net\/es\/wp-json\/wp\/v2\/types\/post"}],"author":[{"embeddable":true,"href":"https:\/\/www.ecuadortimes.net\/es\/wp-json\/wp\/v2\/users\/1"}],"replies":[{"embeddable":true,"href":"https:\/\/www.ecuadortimes.net\/es\/wp-json\/wp\/v2\/comments?post=205522"}],"version-history":[{"count":0,"href":"https:\/\/www.ecuadortimes.net\/es\/wp-json\/wp\/v2\/posts\/205522\/revisions"}],"wp:featuredmedia":[{"embeddable":true,"href":"https:\/\/www.ecuadortimes.net\/es\/wp-json\/wp\/v2\/media\/205523"}],"wp:attachment":[{"href":"https:\/\/www.ecuadortimes.net\/es\/wp-json\/wp\/v2\/media?parent=205522"}],"wp:term":[{"taxonomy":"category","embeddable":true,"href":"https:\/\/www.ecuadortimes.net\/es\/wp-json\/wp\/v2\/categories?post=205522"},{"taxonomy":"post_tag","embeddable":true,"href":"https:\/\/www.ecuadortimes.net\/es\/wp-json\/wp\/v2\/tags?post=205522"}],"curies":[{"name":"wp","href":"https:\/\/api.w.org\/{rel}","templated":true}]}}