{"id":205526,"date":"2011-03-06T00:00:00","date_gmt":"2011-03-06T00:00:00","guid":{"rendered":"https:\/\/www.ecuadortimes.net\/es\/carta-nautica-del-ecuador-sera-enviada-a-la-onu\/"},"modified":"2011-03-06T00:00:00","modified_gmt":"2011-03-06T00:00:00","slug":"carta-nautica-del-ecuador-sera-enviada-a-la-onu","status":"publish","type":"post","link":"https:\/\/www.ecuadortimes.net\/es\/carta-nautica-del-ecuador-sera-enviada-a-la-onu\/","title":{"rendered":"Carta n\u00e1utica del Ecuador ser\u00e1 enviada a la ONU"},"content":{"rendered":"<p>Este mi\u00e9rcoles, la ONU recibir\u00e1 oficialmente la Carta N\u00e1utica ecuatoriana donde estar\u00e1n detallados los l\u00edmites con Per\u00fa.<\/p>\n<p>El presidente ecuatoriano, Rafael Correa, espera que Lima corrobore este documento.Mediante su informe semanal, Correa especific\u00f3 que una vez con los l\u00edmites definidos, ya no habr\u00eda problemas con Per\u00fa.<\/p>\n<p>Agreg\u00f3 que espera que este pa\u00eds ratifique lo m\u00e1s pronto posible el documento n\u00e1utico o tomar\u00edan otra clase de decisiones las cuales no fueron especificadas.<\/p>\n<p>Esta semana, el Primer Mandatario se reuni\u00f3 con funcionarios de la Canciller\u00eda y Procuradur\u00eda General del Estado ecuatoriano para dar seguimiento al problema de los l\u00edmites mar\u00edtimos planteado por Lima ante la Corte Internacional de Justicia (CIJ) de La Haya contra Santiago.<\/p>\n<p>&nbsp;<\/p>\n<p>Manifiesta que este caso involucra a los tres pa\u00edses que \u00a0firmaron los tratados de l\u00edmites (Ecuador, Chile y Per\u00fa).En agosto del 2010, Ecuador public\u00f3 una carta n\u00e1utica donde especifica sus l\u00edmites mar\u00edtimos en base a los tratados tripartitos de 1952 y 1954, donde Chile \u00a0tambi\u00e9n reivindica su frontera con Per\u00fa.<\/p>\n<p>Dos meses despu\u00e9s, el presidente ecuatoriano declar\u00f3 ante un encuentro con su hom\u00f3lo peruano, Alan Garc\u00eda, que Quito intervendr\u00e1 en la demanda interpuesta en la CIJ, siempre y cuando Lima objete los l\u00edmites mar\u00edtimos bilaterales.<\/p>\n<p>&nbsp;<\/p>\n<p>Fuente: Diario El Universo<\/p>\n","protected":false},"excerpt":{"rendered":"<p>Este mi\u00e9rcoles, la ONU recibir\u00e1 oficialmente la Carta N\u00e1utica ecuatoriana donde estar\u00e1n detallados los l\u00edmites con Per\u00fa. El presidente ecuatoriano, Rafael Correa, espera que Lima corrobore este documento.Mediante su informe semanal, Correa especific\u00f3 que una vez con los l\u00edmites definidos, ya no habr\u00eda problemas con Per\u00fa. Agreg\u00f3 que espera que este pa\u00eds ratifique lo m\u00e1s pronto posible el documento n\u00e1utico o tomar\u00edan otra clase de decisiones las cuales no fueron especificadas. Esta semana, el Primer Mandatario se reuni\u00f3 con funcionarios de la Canciller\u00eda y Procuradur\u00eda General del Estado ecuatoriano para dar seguimiento al problema de los l\u00edmites mar\u00edtimos planteado por Lima ante la Corte Internacional de Justicia (CIJ) de La Haya contra Santiago. &nbsp; Manifiesta que este caso involucra a los tres pa\u00edses que \u00a0firmaron los tratados de l\u00edmites (Ecuador, Chile y Per\u00fa).En agosto del 2010, Ecuador public\u00f3 una carta n\u00e1utica donde especifica sus l\u00edmites mar\u00edtimos en base a los tratados tripartitos de 1952 y 1954, donde Chile \u00a0tambi\u00e9n reivindica su frontera con Per\u00fa. Dos meses despu\u00e9s, el presidente ecuatoriano declar\u00f3 ante un encuentro con su hom\u00f3lo peruano, Alan Garc\u00eda, que Quito intervendr\u00e1 en la demanda interpuesta en la CIJ, siempre y cuando Lima objete los l\u00edmites mar\u00edtimos bilaterales. &nbsp; Fuente: Diario El Universo<\/p>\n","protected":false},"author":1,"featured_media":205527,"comment_status":"open","ping_status":"open","sticky":false,"template":"","format":"standard","meta":[],"categories":[40,37],"tags":[],"_links":{"self":[{"href":"https:\/\/www.ecuadortimes.net\/es\/wp-json\/wp\/v2\/posts\/205526"}],"collection":[{"href":"https:\/\/www.ecuadortimes.net\/es\/wp-json\/wp\/v2\/posts"}],"about":[{"href":"https:\/\/www.ecuadortimes.net\/es\/wp-json\/wp\/v2\/types\/post"}],"author":[{"embeddable":true,"href":"https:\/\/www.ecuadortimes.net\/es\/wp-json\/wp\/v2\/users\/1"}],"replies":[{"embeddable":true,"href":"https:\/\/www.ecuadortimes.net\/es\/wp-json\/wp\/v2\/comments?post=205526"}],"version-history":[{"count":0,"href":"https:\/\/www.ecuadortimes.net\/es\/wp-json\/wp\/v2\/posts\/205526\/revisions"}],"wp:featuredmedia":[{"embeddable":true,"href":"https:\/\/www.ecuadortimes.net\/es\/wp-json\/wp\/v2\/media\/205527"}],"wp:attachment":[{"href":"https:\/\/www.ecuadortimes.net\/es\/wp-json\/wp\/v2\/media?parent=205526"}],"wp:term":[{"taxonomy":"category","embeddable":true,"href":"https:\/\/www.ecuadortimes.net\/es\/wp-json\/wp\/v2\/categories?post=205526"},{"taxonomy":"post_tag","embeddable":true,"href":"https:\/\/www.ecuadortimes.net\/es\/wp-json\/wp\/v2\/tags?post=205526"}],"curies":[{"name":"wp","href":"https:\/\/api.w.org\/{rel}","templated":true}]}}