{"id":205528,"date":"2011-03-06T00:00:00","date_gmt":"2011-03-06T00:00:00","guid":{"rendered":"https:\/\/www.ecuadortimes.net\/es\/naomi-cabrera-fue-electa-la-reina-del-carnaval\/"},"modified":"2011-03-06T00:00:00","modified_gmt":"2011-03-06T00:00:00","slug":"naomi-cabrera-fue-electa-la-reina-del-carnaval","status":"publish","type":"post","link":"https:\/\/www.ecuadortimes.net\/es\/naomi-cabrera-fue-electa-la-reina-del-carnaval\/","title":{"rendered":"Naomi Cabrera fue electa la Reina del Carnaval"},"content":{"rendered":"<p style=\"text-align: justify;\"><a rel=\"attachment wp-att-20132\" href=\"http:\/\/www.ecuadortimes.net\/es\/2011\/03\/06\/the-entire-world-is-enjoying-the-carnival\/naomi-cabrera\/\"><img loading=\"lazy\" class=\"aligncenter size-medium wp-image-20132\" title=\"Naomi Cabrera\" src=\"https:\/\/www.ecuadortimes.net\/es\/wp-content\/uploads\/2011\/03\/Naomi-Cabrera-300x200.jpg\" alt=\"\" width=\"300\" height=\"200\" \/><\/a>Despu\u00e9s de la Gala m\u00e1s larga de la historia del Carnaval que se prolong\u00f3 durante casi cuatro horas, al final la elegida entre las 17 aspirantes fue Naomi Cabrera. Su nombre ir\u00e1 desde ahora aparejado al t\u00edtulo de Reina del Carnaval, gracias a la fantas\u00eda Cien a\u00f1os de historia.<\/p>\n<p style=\"text-align: justify;\">Le acompa\u00f1ar\u00e1n Fabiana Vera, como primera dama de honor; Sonia Hern\u00e1ndez, como segunda; Idaira Gonz\u00e1lez, como tercera; y Naomi Cordobes, como cuarta dama.<\/p>\n<p style=\"text-align: justify;\">Hasta este 9 de marzo, Brasil vestir\u00e1 de colores a su pueblo con las celebraciones del carnaval que cada vez se convierten en uno de los shows m\u00e1s majestuosos y multitudinarios en todo el mundo.<\/p>\n<p style=\"text-align: justify;\">Las calles fueron el escenario donde m\u00e1s de 450 blocos de rua\u009d, escuelas y agrupaciones\u00a0 desfilaron al ritmo de la samba en esta celebraci\u00f3n por las fiestas carnavalescas. La gente se prepara para los pr\u00f3ximos desfile de \u0098escolas\u0099 en el m\u00edtico samb\u00f3dromo carioca\u00a0 previstos para este lunes.<\/p>\n<p style=\"text-align: justify;\">Las autoridades esperan que el turismo deje este a\u00f1o ganancias por unos 54 millones de reales (unos 33 millones de d\u00f3lares).<\/p>\n<p style=\"text-align: justify;\">Fuente: Diario El Universo<\/p>\n<p><a rel=\"attachment wp-att-20123\" href=\"http:\/\/www.ecuadortimes.net\/2011\/03\/06\/el-mundo-entero-vive-una-fiesta-de-carnaval\/carnaval-rio-de-janeiro\/\"><br \/>\n<\/a><\/p>\n","protected":false},"excerpt":{"rendered":"<p>Despu\u00e9s de la Gala m\u00e1s larga de la historia del Carnaval que se prolong\u00f3 durante casi cuatro horas, al final la elegida entre las 17 aspirantes fue Naomi Cabrera. Su nombre ir\u00e1 desde ahora aparejado al t\u00edtulo de Reina del Carnaval, gracias a la fantas\u00eda Cien a\u00f1os de historia. Le acompa\u00f1ar\u00e1n Fabiana Vera, como primera dama de honor; Sonia Hern\u00e1ndez, como segunda; Idaira Gonz\u00e1lez, como tercera; y Naomi Cordobes, como cuarta dama. Hasta este 9 de marzo, Brasil vestir\u00e1 de colores a su pueblo con las celebraciones del carnaval que cada vez se convierten en uno de los shows m\u00e1s majestuosos y multitudinarios en todo el mundo. Las calles fueron el escenario donde m\u00e1s de 450 blocos de rua\u009d, escuelas y agrupaciones\u00a0 desfilaron al ritmo de la samba en esta celebraci\u00f3n por las fiestas carnavalescas. La gente se prepara para los pr\u00f3ximos desfile de \u0098escolas\u0099 en el m\u00edtico samb\u00f3dromo carioca\u00a0 previstos para este lunes. Las autoridades esperan que el turismo deje este a\u00f1o ganancias por unos 54 millones de reales (unos 33 millones de d\u00f3lares). Fuente: Diario El Universo<\/p>\n","protected":false},"author":1,"featured_media":205529,"comment_status":"open","ping_status":"open","sticky":false,"template":"","format":"standard","meta":[],"categories":[36,37],"tags":[],"_links":{"self":[{"href":"https:\/\/www.ecuadortimes.net\/es\/wp-json\/wp\/v2\/posts\/205528"}],"collection":[{"href":"https:\/\/www.ecuadortimes.net\/es\/wp-json\/wp\/v2\/posts"}],"about":[{"href":"https:\/\/www.ecuadortimes.net\/es\/wp-json\/wp\/v2\/types\/post"}],"author":[{"embeddable":true,"href":"https:\/\/www.ecuadortimes.net\/es\/wp-json\/wp\/v2\/users\/1"}],"replies":[{"embeddable":true,"href":"https:\/\/www.ecuadortimes.net\/es\/wp-json\/wp\/v2\/comments?post=205528"}],"version-history":[{"count":0,"href":"https:\/\/www.ecuadortimes.net\/es\/wp-json\/wp\/v2\/posts\/205528\/revisions"}],"wp:featuredmedia":[{"embeddable":true,"href":"https:\/\/www.ecuadortimes.net\/es\/wp-json\/wp\/v2\/media\/205529"}],"wp:attachment":[{"href":"https:\/\/www.ecuadortimes.net\/es\/wp-json\/wp\/v2\/media?parent=205528"}],"wp:term":[{"taxonomy":"category","embeddable":true,"href":"https:\/\/www.ecuadortimes.net\/es\/wp-json\/wp\/v2\/categories?post=205528"},{"taxonomy":"post_tag","embeddable":true,"href":"https:\/\/www.ecuadortimes.net\/es\/wp-json\/wp\/v2\/tags?post=205528"}],"curies":[{"name":"wp","href":"https:\/\/api.w.org\/{rel}","templated":true}]}}