{"id":205541,"date":"2011-03-08T00:00:00","date_gmt":"2011-03-08T00:00:00","guid":{"rendered":"https:\/\/www.ecuadortimes.net\/es\/cne-convocara-el-referendum-oficialmente-esta-noche\/"},"modified":"2011-03-08T00:00:00","modified_gmt":"2011-03-08T00:00:00","slug":"cne-convocara-el-referendum-oficialmente-esta-noche","status":"publish","type":"post","link":"https:\/\/www.ecuadortimes.net\/es\/cne-convocara-el-referendum-oficialmente-esta-noche\/","title":{"rendered":"CNE convocar\u00e1 el refer\u00e9ndum oficialmente esta noche"},"content":{"rendered":"<div>\n<h2 id=\"internal-source-marker_0.4045229216571897\" style=\"text-align: justify;\"><span style=\"font-size: 13px; font-weight: normal;\">Hoy en la noche el Consejo Nacional Electoral (CNE) convocar\u00e1 oficialmente al refer\u00e9ndum y consulta popular propuesta por el presidente Rafael Correa en una cadena nacional de radio y televisi\u00f3n.<\/span><\/h2>\n<p style=\"text-align: justify;\">La Constituci\u00f3n, en el cap\u00edtulo de la Democracia Directa, se\u00f1ala que el CNE convocar\u00e1 en 15 d\u00edas a refer\u00e9ndum, consulta popular, o revocatoria del mandato, que deber\u00e1 efectuarse en los siguientes 60 d\u00edas.<\/p>\n<p style=\"text-align: justify;\">El plazo de 15 d\u00edas para la convocatoria vence hoy; mientras que el 7 de mayo se cumplir\u00e1n los 60 d\u00edas para el plebiscito.<\/p>\n<p style=\"text-align: justify;\">El voto es obligatorio para los mayores de 18 a\u00f1os de edad y facultativo para los mayores de 65 a\u00f1os, de 16 a 18 a\u00f1os, militares y polic\u00edas y personas con discapacidad y para los extranjeros con derecho al voto. Quienes no asistan a votar ser\u00e1n sancionados con una multa correspondiente al 10% de una remuneraci\u00f3n b\u00e1sica unificada, es decir $ 26,40.<\/p>\n<p style=\"text-align: justify;\">Fuente: El Universo<\/p>\n<\/div>\n","protected":false},"excerpt":{"rendered":"<p>Hoy en la noche el Consejo Nacional Electoral (CNE) convocar\u00e1 oficialmente al refer\u00e9ndum y consulta popular propuesta por el presidente Rafael Correa en una cadena nacional de radio y televisi\u00f3n. La Constituci\u00f3n, en el cap\u00edtulo de la Democracia Directa, se\u00f1ala que el CNE convocar\u00e1 en 15 d\u00edas a refer\u00e9ndum, consulta popular, o revocatoria del mandato, que deber\u00e1 efectuarse en los siguientes 60 d\u00edas. El plazo de 15 d\u00edas para la convocatoria vence hoy; mientras que el 7 de mayo se cumplir\u00e1n los 60 d\u00edas para el plebiscito. El voto es obligatorio para los mayores de 18 a\u00f1os de edad y facultativo para los mayores de 65 a\u00f1os, de 16 a 18 a\u00f1os, militares y polic\u00edas y personas con discapacidad y para los extranjeros con derecho al voto. Quienes no asistan a votar ser\u00e1n sancionados con una multa correspondiente al 10% de una remuneraci\u00f3n b\u00e1sica unificada, es decir $ 26,40. Fuente: El Universo<\/p>\n","protected":false},"author":1,"featured_media":205542,"comment_status":"open","ping_status":"open","sticky":false,"template":"","format":"standard","meta":[],"categories":[40],"tags":[],"_links":{"self":[{"href":"https:\/\/www.ecuadortimes.net\/es\/wp-json\/wp\/v2\/posts\/205541"}],"collection":[{"href":"https:\/\/www.ecuadortimes.net\/es\/wp-json\/wp\/v2\/posts"}],"about":[{"href":"https:\/\/www.ecuadortimes.net\/es\/wp-json\/wp\/v2\/types\/post"}],"author":[{"embeddable":true,"href":"https:\/\/www.ecuadortimes.net\/es\/wp-json\/wp\/v2\/users\/1"}],"replies":[{"embeddable":true,"href":"https:\/\/www.ecuadortimes.net\/es\/wp-json\/wp\/v2\/comments?post=205541"}],"version-history":[{"count":0,"href":"https:\/\/www.ecuadortimes.net\/es\/wp-json\/wp\/v2\/posts\/205541\/revisions"}],"wp:featuredmedia":[{"embeddable":true,"href":"https:\/\/www.ecuadortimes.net\/es\/wp-json\/wp\/v2\/media\/205542"}],"wp:attachment":[{"href":"https:\/\/www.ecuadortimes.net\/es\/wp-json\/wp\/v2\/media?parent=205541"}],"wp:term":[{"taxonomy":"category","embeddable":true,"href":"https:\/\/www.ecuadortimes.net\/es\/wp-json\/wp\/v2\/categories?post=205541"},{"taxonomy":"post_tag","embeddable":true,"href":"https:\/\/www.ecuadortimes.net\/es\/wp-json\/wp\/v2\/tags?post=205541"}],"curies":[{"name":"wp","href":"https:\/\/api.w.org\/{rel}","templated":true}]}}