{"id":205545,"date":"2011-03-09T00:00:00","date_gmt":"2011-03-09T00:00:00","guid":{"rendered":"https:\/\/www.ecuadortimes.net\/es\/desde-manana-nadie-podra-pautar-publicidad\/"},"modified":"2011-03-09T00:00:00","modified_gmt":"2011-03-09T00:00:00","slug":"desde-manana-nadie-podra-pautar-publicidad","status":"publish","type":"post","link":"https:\/\/www.ecuadortimes.net\/es\/desde-manana-nadie-podra-pautar-publicidad\/","title":{"rendered":"Desde ma\u00f1ana nadie podr\u00e1  pautar publicidad"},"content":{"rendered":"<p>A partir de ma\u00f1ana, ning\u00fan medio de comunicaci\u00f3n podr\u00e1 difundir publicidad y propaganda financiada por el estado ecuatoriano a ra\u00edz de la decisi\u00f3n tomada por el Consejo Nacional Electoral por motivo del pr\u00f3ximo refer\u00e9ndum programado para este 7 de mayo.<\/p>\n<p>Seg\u00fan el art. 115 de la constituci\u00f3n, se proh\u00edbe el uso de los recursos e infraestructura del estado as\u00ed como la publicidad gubernamental para las campa\u00f1as electorales.<\/p>\n<p>Omar Simons, presidente del CNE, advirti\u00f3 que en caso de desacato a esta normativa, ser\u00e1n suspendidas las difusiones de los spots publicitarios.<\/p>\n<p>As\u00ed mismo, el Tribunal Contencioso Electoral podr\u00eda sancionar al medio de comunicaci\u00f3n con multas de 50mil a 100 mil d\u00f3lares. Simons declar\u00f3 que los medios de comunicaci\u00f3n\u00a0 o podr\u00e1n admitir publicidad a menos que sea autorizada por el CNE.<\/p>\n<p>Tanto los medios de comunicaci\u00f3n como la presidencia de la rep\u00fablica, fueron notificados la resoluci\u00f3n que impide la difusi\u00f3n de cu\u00f1as.<\/p>\n<p>El gobierno ecuatoriano ser\u00e1 sometido a auditorias para evitar regular el uso de recursos p\u00fablicos en la campa\u00f1as de las consulta populares.<\/p>\n<p>A ra\u00edz de esta prohibici\u00f3n, el primer mandatario, Rafael Correa, denunci\u00f3 esta imposici\u00f3n de no poder hacer campa\u00f1as del Si en sus enlaces sabatinos y aseguro que los vocales del CNE han cedido ante las presiones de la prensa corrupta.<\/p>\n<p>Fuente: Diario El Universo<\/p>\n","protected":false},"excerpt":{"rendered":"<p>A partir de ma\u00f1ana, ning\u00fan medio de comunicaci\u00f3n podr\u00e1 difundir publicidad y propaganda financiada por el estado ecuatoriano a ra\u00edz de la decisi\u00f3n tomada por el Consejo Nacional Electoral por motivo del pr\u00f3ximo refer\u00e9ndum programado para este 7 de mayo. Seg\u00fan el art. 115 de la constituci\u00f3n, se proh\u00edbe el uso de los recursos e infraestructura del estado as\u00ed como la publicidad gubernamental para las campa\u00f1as electorales. Omar Simons, presidente del CNE, advirti\u00f3 que en caso de desacato a esta normativa, ser\u00e1n suspendidas las difusiones de los spots publicitarios. As\u00ed mismo, el Tribunal Contencioso Electoral podr\u00eda sancionar al medio de comunicaci\u00f3n con multas de 50mil a 100 mil d\u00f3lares. Simons declar\u00f3 que los medios de comunicaci\u00f3n\u00a0 o podr\u00e1n admitir publicidad a menos que sea autorizada por el CNE. Tanto los medios de comunicaci\u00f3n como la presidencia de la rep\u00fablica, fueron notificados la resoluci\u00f3n que impide la difusi\u00f3n de cu\u00f1as. El gobierno ecuatoriano ser\u00e1 sometido a auditorias para evitar regular el uso de recursos p\u00fablicos en la campa\u00f1as de las consulta populares. A ra\u00edz de esta prohibici\u00f3n, el primer mandatario, Rafael Correa, denunci\u00f3 esta imposici\u00f3n de no poder hacer campa\u00f1as del Si en sus enlaces sabatinos y aseguro que los vocales del CNE han cedido ante las presiones de la prensa corrupta. Fuente: Diario El Universo<\/p>\n","protected":false},"author":1,"featured_media":205546,"comment_status":"open","ping_status":"open","sticky":false,"template":"","format":"standard","meta":[],"categories":[40,37],"tags":[],"_links":{"self":[{"href":"https:\/\/www.ecuadortimes.net\/es\/wp-json\/wp\/v2\/posts\/205545"}],"collection":[{"href":"https:\/\/www.ecuadortimes.net\/es\/wp-json\/wp\/v2\/posts"}],"about":[{"href":"https:\/\/www.ecuadortimes.net\/es\/wp-json\/wp\/v2\/types\/post"}],"author":[{"embeddable":true,"href":"https:\/\/www.ecuadortimes.net\/es\/wp-json\/wp\/v2\/users\/1"}],"replies":[{"embeddable":true,"href":"https:\/\/www.ecuadortimes.net\/es\/wp-json\/wp\/v2\/comments?post=205545"}],"version-history":[{"count":0,"href":"https:\/\/www.ecuadortimes.net\/es\/wp-json\/wp\/v2\/posts\/205545\/revisions"}],"wp:featuredmedia":[{"embeddable":true,"href":"https:\/\/www.ecuadortimes.net\/es\/wp-json\/wp\/v2\/media\/205546"}],"wp:attachment":[{"href":"https:\/\/www.ecuadortimes.net\/es\/wp-json\/wp\/v2\/media?parent=205545"}],"wp:term":[{"taxonomy":"category","embeddable":true,"href":"https:\/\/www.ecuadortimes.net\/es\/wp-json\/wp\/v2\/categories?post=205545"},{"taxonomy":"post_tag","embeddable":true,"href":"https:\/\/www.ecuadortimes.net\/es\/wp-json\/wp\/v2\/tags?post=205545"}],"curies":[{"name":"wp","href":"https:\/\/api.w.org\/{rel}","templated":true}]}}