{"id":205561,"date":"2011-03-10T00:00:00","date_gmt":"2011-03-10T00:00:00","guid":{"rendered":"https:\/\/www.ecuadortimes.net\/es\/ramon-espinel-permanecera-en-su-cargo\/"},"modified":"2011-03-10T00:00:00","modified_gmt":"2011-03-10T00:00:00","slug":"ramon-espinel-permanecera-en-su-cargo","status":"publish","type":"post","link":"https:\/\/www.ecuadortimes.net\/es\/ramon-espinel-permanecera-en-su-cargo\/","title":{"rendered":"Ram\u00f3n Espinel permanecer\u00e1 en su cargo"},"content":{"rendered":"<div>\n<p style=\"text-align: justify;\">Ram\u00f3n Espinel renunci\u00f3 al cargo de Ministro de Agricultura de ayer, sin embargo, no ha dejado su puesto ya que el presidente Rafael Correa no ha tomado una decisi\u00f3n la renuncia. Espinel sustituy\u00f3 a Walter Poveda el 15 de julio de 2009 y \u00e9sta es la segunda vez que renuncia&#8211;la primera vez que quiso renunciar fue en agosto de 2010&#8211; por razones personales.<\/p>\n<p style=\"text-align: justify;\">La renuncia del ex funcionario fue anunciada por el Secretario Nacional de Comunicaci\u00f3n, Fernando Alvarado.<\/p>\n<p style=\"text-align: justify;\">&#8220;Cuando uno tiene estas funciones tiene que mantenerse hasta que exista una decisi\u00f3n del se\u00f1or Presidente. Hay razones personales del Ministro Espinel que ha expresado reiteradamente y esperamos, pues, que el presidente tome una decisi\u00f3n de este tema&#8221;, dijo Miguel Carvajal, Viceministro de Desarrollo Rural.<\/p>\n<\/div>\n","protected":false},"excerpt":{"rendered":"<p>Ram\u00f3n Espinel renunci\u00f3 al cargo de Ministro de Agricultura de ayer, sin embargo, no ha dejado su puesto ya que el presidente Rafael Correa no ha tomado una decisi\u00f3n la renuncia. Espinel sustituy\u00f3 a Walter Poveda el 15 de julio de 2009 y \u00e9sta es la segunda vez que renuncia&#8211;la primera vez que quiso renunciar fue en agosto de 2010&#8211; por razones personales. La renuncia del ex funcionario fue anunciada por el Secretario Nacional de Comunicaci\u00f3n, Fernando Alvarado. &#8220;Cuando uno tiene estas funciones tiene que mantenerse hasta que exista una decisi\u00f3n del se\u00f1or Presidente. Hay razones personales del Ministro Espinel que ha expresado reiteradamente y esperamos, pues, que el presidente tome una decisi\u00f3n de este tema&#8221;, dijo Miguel Carvajal, Viceministro de Desarrollo Rural.<\/p>\n","protected":false},"author":1,"featured_media":205562,"comment_status":"open","ping_status":"open","sticky":false,"template":"","format":"standard","meta":[],"categories":[40,37],"tags":[],"_links":{"self":[{"href":"https:\/\/www.ecuadortimes.net\/es\/wp-json\/wp\/v2\/posts\/205561"}],"collection":[{"href":"https:\/\/www.ecuadortimes.net\/es\/wp-json\/wp\/v2\/posts"}],"about":[{"href":"https:\/\/www.ecuadortimes.net\/es\/wp-json\/wp\/v2\/types\/post"}],"author":[{"embeddable":true,"href":"https:\/\/www.ecuadortimes.net\/es\/wp-json\/wp\/v2\/users\/1"}],"replies":[{"embeddable":true,"href":"https:\/\/www.ecuadortimes.net\/es\/wp-json\/wp\/v2\/comments?post=205561"}],"version-history":[{"count":0,"href":"https:\/\/www.ecuadortimes.net\/es\/wp-json\/wp\/v2\/posts\/205561\/revisions"}],"wp:featuredmedia":[{"embeddable":true,"href":"https:\/\/www.ecuadortimes.net\/es\/wp-json\/wp\/v2\/media\/205562"}],"wp:attachment":[{"href":"https:\/\/www.ecuadortimes.net\/es\/wp-json\/wp\/v2\/media?parent=205561"}],"wp:term":[{"taxonomy":"category","embeddable":true,"href":"https:\/\/www.ecuadortimes.net\/es\/wp-json\/wp\/v2\/categories?post=205561"},{"taxonomy":"post_tag","embeddable":true,"href":"https:\/\/www.ecuadortimes.net\/es\/wp-json\/wp\/v2\/tags?post=205561"}],"curies":[{"name":"wp","href":"https:\/\/api.w.org\/{rel}","templated":true}]}}