{"id":205573,"date":"2011-03-10T00:00:00","date_gmt":"2011-03-10T00:00:00","guid":{"rendered":"https:\/\/www.ecuadortimes.net\/es\/el-presidente-de-yemen-ofrece-nueva-constitucion\/"},"modified":"2011-03-10T00:00:00","modified_gmt":"2011-03-10T00:00:00","slug":"el-presidente-de-yemen-ofrece-nueva-constitucion","status":"publish","type":"post","link":"https:\/\/www.ecuadortimes.net\/es\/el-presidente-de-yemen-ofrece-nueva-constitucion\/","title":{"rendered":"El Presidente de Yemen ofrece nueva constituci\u00f3n"},"content":{"rendered":"<p>En un intento para detener las protestas que amenazan con derrocarlo del poder, el presidente de Yemen, Al\u00ed Abdal\u00e1 Saleh propuso un nueva constituci\u00f3n que permitir\u00e1 un nuevo sistema electoral para el final del a\u00f1o. La propuesta de Saleh est\u00e1 tratando de convencer a los partidos de la oposici\u00f3n que el gobierno apoya la unidad nacional.<\/p>\n<p>Recientemente un portavoz del presidente inform\u00f3 que la elaboraci\u00f3n de un r\u00e9gimen parlamentario que dar\u00eda<a rel=\"attachment wp-att-20380\" href=\"http:\/\/www.ecuadortimes.net\/es\/2011\/03\/10\/el-presidente-de-yemen-ofrece-nueva-constitucion\/yemen-protest-2\/\"><img loading=\"lazy\" class=\"alignright size-medium wp-image-20380\" title=\"Protestas en Yemen contra el Presidente\" src=\"https:\/\/www.ecuadortimes.net\/es\/wp-content\/uploads\/2011\/03\/Yemen-protest1-300x179.jpg\" alt=\"\" width=\"300\" height=\"179\" \/><\/a> poderes ejecutivos al gobierno elegido por el parlamento. Sin embargo un representante de los manifestantes dijo que esta iniciativa no es suficiente y es muy tarde. La semana pasada, Saleh rechaz\u00f3 una propuesta que lo forzaba a dejar el gobierno con la condici\u00f3n que las demostraciones cesar\u00edan inmediatamente despu\u00e9s de que \u00e9l renuncie.<\/p>\n<p>Saleh ha gobernado por 32 a\u00f1os, recientemente el Presidente de Yemen inform\u00f3 que no se presentar\u00e1 para la presidencia del a\u00f1o 2013. Las manifestaciones han sido alentadas por las revueltas de Egipto y T\u00fanez. El mes pasado la oposici\u00f3n lo forz\u00f3 a retroceder con las negociaciones con el gobierno.<\/p>\n<p>Fuente: El Pa\u00eds<\/p>\n","protected":false},"excerpt":{"rendered":"<p>En un intento para detener las protestas que amenazan con derrocarlo del poder, el presidente de Yemen, Al\u00ed Abdal\u00e1 Saleh propuso un nueva constituci\u00f3n que permitir\u00e1 un nuevo sistema electoral para el final del a\u00f1o. La propuesta de Saleh est\u00e1 tratando de convencer a los partidos de la oposici\u00f3n que el gobierno apoya la unidad nacional. Recientemente un portavoz del presidente inform\u00f3 que la elaboraci\u00f3n de un r\u00e9gimen parlamentario que dar\u00eda poderes ejecutivos al gobierno elegido por el parlamento. Sin embargo un representante de los manifestantes dijo que esta iniciativa no es suficiente y es muy tarde. La semana pasada, Saleh rechaz\u00f3 una propuesta que lo forzaba a dejar el gobierno con la condici\u00f3n que las demostraciones cesar\u00edan inmediatamente despu\u00e9s de que \u00e9l renuncie. Saleh ha gobernado por 32 a\u00f1os, recientemente el Presidente de Yemen inform\u00f3 que no se presentar\u00e1 para la presidencia del a\u00f1o 2013. Las manifestaciones han sido alentadas por las revueltas de Egipto y T\u00fanez. El mes pasado la oposici\u00f3n lo forz\u00f3 a retroceder con las negociaciones con el gobierno. Fuente: El Pa\u00eds<\/p>\n","protected":false},"author":1,"featured_media":205574,"comment_status":"open","ping_status":"open","sticky":false,"template":"","format":"standard","meta":[],"categories":[34,37],"tags":[],"_links":{"self":[{"href":"https:\/\/www.ecuadortimes.net\/es\/wp-json\/wp\/v2\/posts\/205573"}],"collection":[{"href":"https:\/\/www.ecuadortimes.net\/es\/wp-json\/wp\/v2\/posts"}],"about":[{"href":"https:\/\/www.ecuadortimes.net\/es\/wp-json\/wp\/v2\/types\/post"}],"author":[{"embeddable":true,"href":"https:\/\/www.ecuadortimes.net\/es\/wp-json\/wp\/v2\/users\/1"}],"replies":[{"embeddable":true,"href":"https:\/\/www.ecuadortimes.net\/es\/wp-json\/wp\/v2\/comments?post=205573"}],"version-history":[{"count":0,"href":"https:\/\/www.ecuadortimes.net\/es\/wp-json\/wp\/v2\/posts\/205573\/revisions"}],"wp:featuredmedia":[{"embeddable":true,"href":"https:\/\/www.ecuadortimes.net\/es\/wp-json\/wp\/v2\/media\/205574"}],"wp:attachment":[{"href":"https:\/\/www.ecuadortimes.net\/es\/wp-json\/wp\/v2\/media?parent=205573"}],"wp:term":[{"taxonomy":"category","embeddable":true,"href":"https:\/\/www.ecuadortimes.net\/es\/wp-json\/wp\/v2\/categories?post=205573"},{"taxonomy":"post_tag","embeddable":true,"href":"https:\/\/www.ecuadortimes.net\/es\/wp-json\/wp\/v2\/tags?post=205573"}],"curies":[{"name":"wp","href":"https:\/\/api.w.org\/{rel}","templated":true}]}}