{"id":205577,"date":"2011-03-10T00:00:00","date_gmt":"2011-03-10T00:00:00","guid":{"rendered":"https:\/\/www.ecuadortimes.net\/es\/24-millones-se-invertiran-en-el-referendum-ecuatoriano\/"},"modified":"2011-03-10T00:00:00","modified_gmt":"2011-03-10T00:00:00","slug":"24-millones-se-invertiran-en-el-referendum-ecuatoriano","status":"publish","type":"post","link":"https:\/\/www.ecuadortimes.net\/es\/24-millones-se-invertiran-en-el-referendum-ecuatoriano\/","title":{"rendered":"$ 24 millones se invertir\u00e1n en el refer\u00e9ndum ecuatoriano"},"content":{"rendered":"<p>Tras la convocatoria oficial al refer\u00e9ndum, el Consejo Nacional Electoral Ecuatoriano (CNE) inici\u00f3 ayer el tr\u00e1mite de la pro forma presupuestaria para el proceso que se realizar\u00e1 el pr\u00f3ximo 7 de mayo.<\/p>\n<p>El jueves pasado, el Ministerio de Finanzas transfiri\u00f3 $ 22 millones al CNE, un presupuesto inicial que mediante resoluci\u00f3n solicit\u00f3 al Gobierno la semana anterior, para arrancar con el plebiscito propuesto por el presidente Rafael Correa.<\/p>\n<p>Seg\u00fan la pro forma, elaborada por el departamento financiero del CNE, el presupuesto para el proceso electoral de mayo es de $ 23\u0099977.991, sin contar con el monto que se destinar\u00e1 para las franjas publicitarias en los medios de comunicaci\u00f3n.<\/p>\n<p>Entre los rubros m\u00e1s relevantes del presupuesto para el pr\u00f3ximo proceso est\u00e1 el de Servicios Generales, que incluye los kits electorales, papeletas, transporte, difusi\u00f3n, capacitaci\u00f3n, consultor\u00eda, asesor\u00eda, Juntas Receptoras del Voto, con un total de $ 7,4 millones.<\/p>\n<p>Otro monto importante ($ 5,3 millones) se destinar\u00e1 para realizar transferencias corrientes al sector p\u00fablico, especialmente a las Fuerzas Armadas, Polic\u00eda Nacional y consulados.<\/p>\n<p>Fuente: El Universo<\/p>\n","protected":false},"excerpt":{"rendered":"<p>Tras la convocatoria oficial al refer\u00e9ndum, el Consejo Nacional Electoral Ecuatoriano (CNE) inici\u00f3 ayer el tr\u00e1mite de la pro forma presupuestaria para el proceso que se realizar\u00e1 el pr\u00f3ximo 7 de mayo. El jueves pasado, el Ministerio de Finanzas transfiri\u00f3 $ 22 millones al CNE, un presupuesto inicial que mediante resoluci\u00f3n solicit\u00f3 al Gobierno la semana anterior, para arrancar con el plebiscito propuesto por el presidente Rafael Correa. Seg\u00fan la pro forma, elaborada por el departamento financiero del CNE, el presupuesto para el proceso electoral de mayo es de $ 23\u0099977.991, sin contar con el monto que se destinar\u00e1 para las franjas publicitarias en los medios de comunicaci\u00f3n. Entre los rubros m\u00e1s relevantes del presupuesto para el pr\u00f3ximo proceso est\u00e1 el de Servicios Generales, que incluye los kits electorales, papeletas, transporte, difusi\u00f3n, capacitaci\u00f3n, consultor\u00eda, asesor\u00eda, Juntas Receptoras del Voto, con un total de $ 7,4 millones. Otro monto importante ($ 5,3 millones) se destinar\u00e1 para realizar transferencias corrientes al sector p\u00fablico, especialmente a las Fuerzas Armadas, Polic\u00eda Nacional y consulados. Fuente: El Universo<\/p>\n","protected":false},"author":1,"featured_media":205578,"comment_status":"open","ping_status":"open","sticky":false,"template":"","format":"standard","meta":[],"categories":[40,37],"tags":[],"_links":{"self":[{"href":"https:\/\/www.ecuadortimes.net\/es\/wp-json\/wp\/v2\/posts\/205577"}],"collection":[{"href":"https:\/\/www.ecuadortimes.net\/es\/wp-json\/wp\/v2\/posts"}],"about":[{"href":"https:\/\/www.ecuadortimes.net\/es\/wp-json\/wp\/v2\/types\/post"}],"author":[{"embeddable":true,"href":"https:\/\/www.ecuadortimes.net\/es\/wp-json\/wp\/v2\/users\/1"}],"replies":[{"embeddable":true,"href":"https:\/\/www.ecuadortimes.net\/es\/wp-json\/wp\/v2\/comments?post=205577"}],"version-history":[{"count":0,"href":"https:\/\/www.ecuadortimes.net\/es\/wp-json\/wp\/v2\/posts\/205577\/revisions"}],"wp:featuredmedia":[{"embeddable":true,"href":"https:\/\/www.ecuadortimes.net\/es\/wp-json\/wp\/v2\/media\/205578"}],"wp:attachment":[{"href":"https:\/\/www.ecuadortimes.net\/es\/wp-json\/wp\/v2\/media?parent=205577"}],"wp:term":[{"taxonomy":"category","embeddable":true,"href":"https:\/\/www.ecuadortimes.net\/es\/wp-json\/wp\/v2\/categories?post=205577"},{"taxonomy":"post_tag","embeddable":true,"href":"https:\/\/www.ecuadortimes.net\/es\/wp-json\/wp\/v2\/tags?post=205577"}],"curies":[{"name":"wp","href":"https:\/\/api.w.org\/{rel}","templated":true}]}}