{"id":205589,"date":"2011-03-10T00:00:00","date_gmt":"2011-03-10T00:00:00","guid":{"rendered":"https:\/\/www.ecuadortimes.net\/es\/chevron-apelo-al-juicio-por-danos-ecologicos\/"},"modified":"2011-03-10T00:00:00","modified_gmt":"2011-03-10T00:00:00","slug":"chevron-apelo-al-juicio-por-danos-ecologicos","status":"publish","type":"post","link":"https:\/\/www.ecuadortimes.net\/es\/chevron-apelo-al-juicio-por-danos-ecologicos\/","title":{"rendered":"Chevron apel\u00f3 al juicio por da\u00f1os ecol\u00f3gicos."},"content":{"rendered":"<p><a rel=\"attachment wp-att-20501\" href=\"http:\/\/www.ecuadortimes.net\/es\/2011\/03\/10\/chevron-apelo-al-juicio-por-danos-ecologicos\/chev-3\/\"><img loading=\"lazy\" class=\"alignright size-thumbnail wp-image-20501\" src=\"https:\/\/www.ecuadortimes.net\/es\/wp-content\/uploads\/2011\/03\/chev2-195x110.jpg\" alt=\"\" width=\"195\" height=\"110\" \/><\/a>La transnacional Chevron Corp. apel\u00f3 al juicio que un juez ecuatoriano interpuso por supuesta contaminaci\u00f3n ambiental en territorios ind\u00edgenas. Este proceso tiene un monto de alrededor de\u00a0\u00a0la 8.646 millones de d\u00f3lares.<\/p>\n<p>En esta\u00a0apelaci\u00f3n pide que se deshaga la demanda planteada por varias comunidades ind\u00edgenas, desde hace m\u00e1s de 17 a\u00f1os, por supuestas irregularidades presentadas durante el juicio.\u00a0 Esta petici\u00f3n se realiz\u00f3 a \u00faltima hora del pasado mi\u00e9rcoles ante la Corte Provincial de Sucumb\u00edos.<\/p>\n<p>El documento de 192 hojas entregado por la compa\u00f1\u00eda Chevron ser\u00e1 analizado por Nicol\u00e1s Zambrano juez de Sucumb\u00edos, quien emiti\u00f3 el fallo adverso a la firma estadounidense el mes pasado.<\/p>\n<p>Zambrano, concedi\u00f3 un 10% adicional al valor ya establecido para que las comunidades ind\u00edgenas lo utilicen de acuerdo a sus necesidades y orden\u00f3 a Chevron pedir disculpas p\u00fablicas por los perjuicios ocasionados.<\/p>\n<p>&nbsp;<\/p>\n<p>&nbsp;<\/p>\n<p>Fuente: Diario El Universo<\/p>\n","protected":false},"excerpt":{"rendered":"<p>La transnacional Chevron Corp. apel\u00f3 al juicio que un juez ecuatoriano interpuso por supuesta contaminaci\u00f3n ambiental en territorios ind\u00edgenas. Este proceso tiene un monto de alrededor de\u00a0\u00a0la 8.646 millones de d\u00f3lares. En esta\u00a0apelaci\u00f3n pide que se deshaga la demanda planteada por varias comunidades ind\u00edgenas, desde hace m\u00e1s de 17 a\u00f1os, por supuestas irregularidades presentadas durante el juicio.\u00a0 Esta petici\u00f3n se realiz\u00f3 a \u00faltima hora del pasado mi\u00e9rcoles ante la Corte Provincial de Sucumb\u00edos. El documento de 192 hojas entregado por la compa\u00f1\u00eda Chevron ser\u00e1 analizado por Nicol\u00e1s Zambrano juez de Sucumb\u00edos, quien emiti\u00f3 el fallo adverso a la firma estadounidense el mes pasado. Zambrano, concedi\u00f3 un 10% adicional al valor ya establecido para que las comunidades ind\u00edgenas lo utilicen de acuerdo a sus necesidades y orden\u00f3 a Chevron pedir disculpas p\u00fablicas por los perjuicios ocasionados. &nbsp; &nbsp; Fuente: Diario El Universo<\/p>\n","protected":false},"author":1,"featured_media":205590,"comment_status":"open","ping_status":"open","sticky":false,"template":"","format":"standard","meta":[],"categories":[35],"tags":[],"_links":{"self":[{"href":"https:\/\/www.ecuadortimes.net\/es\/wp-json\/wp\/v2\/posts\/205589"}],"collection":[{"href":"https:\/\/www.ecuadortimes.net\/es\/wp-json\/wp\/v2\/posts"}],"about":[{"href":"https:\/\/www.ecuadortimes.net\/es\/wp-json\/wp\/v2\/types\/post"}],"author":[{"embeddable":true,"href":"https:\/\/www.ecuadortimes.net\/es\/wp-json\/wp\/v2\/users\/1"}],"replies":[{"embeddable":true,"href":"https:\/\/www.ecuadortimes.net\/es\/wp-json\/wp\/v2\/comments?post=205589"}],"version-history":[{"count":0,"href":"https:\/\/www.ecuadortimes.net\/es\/wp-json\/wp\/v2\/posts\/205589\/revisions"}],"wp:featuredmedia":[{"embeddable":true,"href":"https:\/\/www.ecuadortimes.net\/es\/wp-json\/wp\/v2\/media\/205590"}],"wp:attachment":[{"href":"https:\/\/www.ecuadortimes.net\/es\/wp-json\/wp\/v2\/media?parent=205589"}],"wp:term":[{"taxonomy":"category","embeddable":true,"href":"https:\/\/www.ecuadortimes.net\/es\/wp-json\/wp\/v2\/categories?post=205589"},{"taxonomy":"post_tag","embeddable":true,"href":"https:\/\/www.ecuadortimes.net\/es\/wp-json\/wp\/v2\/tags?post=205589"}],"curies":[{"name":"wp","href":"https:\/\/api.w.org\/{rel}","templated":true}]}}