{"id":205593,"date":"2011-03-11T00:00:00","date_gmt":"2011-03-11T00:00:00","guid":{"rendered":"https:\/\/www.ecuadortimes.net\/es\/correa-firma-estado-de-excepcion\/"},"modified":"2011-03-11T00:00:00","modified_gmt":"2011-03-11T00:00:00","slug":"correa-firma-estado-de-excepcion","status":"publish","type":"post","link":"https:\/\/www.ecuadortimes.net\/es\/correa-firma-estado-de-excepcion\/","title":{"rendered":"Correa firma estado de excepci\u00f3n"},"content":{"rendered":"<div>\n<p style=\"text-align: justify\">El Presidente ecuatoriano Rafael Correa firm\u00f3 este viernes un decreto del estado de excepci\u00f3n por 60 d\u00edas. En este decreto se ordena la evacuaci\u00f3n en las zonas costeras hasta conocer la situaci\u00f3n luego de las 17:00 de hoy ya que se estima que a esa hora podr\u00eda llegar un tsunami a las costas ecuatorianas.<\/p>\n<p style=\"text-align: justify\">Correa se dirigi\u00f3 al pa\u00eds a las 06:40 este viernes para pedir calma a los ecuatorianos y pedir la colaboraci\u00f3n de la ciudadan\u00eda para que evac\u00faen sin p\u00e1nico las zonas costeras de Gal\u00e1pagos y del perfil costero del continente.<\/p>\n<p style=\"text-align: justify\">De acuerdo con el informe de la Administraci\u00f3n atmosf\u00e9rica y de oc\u00e9anos de EEUU (NOAA), la hora de posible impacto en las costas ecuatorianas ser\u00eda: Isla Baltra (Gal\u00e1pagos) 17:31; Esmeraldas 19:03 y La Libertad 19:24.<\/p>\n<p style=\"text-align: justify\">Fuente: El Universo<\/p>\n<\/div>\n","protected":false},"excerpt":{"rendered":"<p>El Presidente ecuatoriano Rafael Correa firm\u00f3 este viernes un decreto del estado de excepci\u00f3n por 60 d\u00edas. En este decreto se ordena la evacuaci\u00f3n en las zonas costeras hasta conocer la situaci\u00f3n luego de las 17:00 de hoy ya que se estima que a esa hora podr\u00eda llegar un tsunami a las costas ecuatorianas. Correa se dirigi\u00f3 al pa\u00eds a las 06:40 este viernes para pedir calma a los ecuatorianos y pedir la colaboraci\u00f3n de la ciudadan\u00eda para que evac\u00faen sin p\u00e1nico las zonas costeras de Gal\u00e1pagos y del perfil costero del continente. De acuerdo con el informe de la Administraci\u00f3n atmosf\u00e9rica y de oc\u00e9anos de EEUU (NOAA), la hora de posible impacto en las costas ecuatorianas ser\u00eda: Isla Baltra (Gal\u00e1pagos) 17:31; Esmeraldas 19:03 y La Libertad 19:24. Fuente: El Universo<\/p>\n","protected":false},"author":1,"featured_media":205594,"comment_status":"open","ping_status":"open","sticky":false,"template":"","format":"standard","meta":[],"categories":[35,37],"tags":[],"_links":{"self":[{"href":"https:\/\/www.ecuadortimes.net\/es\/wp-json\/wp\/v2\/posts\/205593"}],"collection":[{"href":"https:\/\/www.ecuadortimes.net\/es\/wp-json\/wp\/v2\/posts"}],"about":[{"href":"https:\/\/www.ecuadortimes.net\/es\/wp-json\/wp\/v2\/types\/post"}],"author":[{"embeddable":true,"href":"https:\/\/www.ecuadortimes.net\/es\/wp-json\/wp\/v2\/users\/1"}],"replies":[{"embeddable":true,"href":"https:\/\/www.ecuadortimes.net\/es\/wp-json\/wp\/v2\/comments?post=205593"}],"version-history":[{"count":0,"href":"https:\/\/www.ecuadortimes.net\/es\/wp-json\/wp\/v2\/posts\/205593\/revisions"}],"wp:featuredmedia":[{"embeddable":true,"href":"https:\/\/www.ecuadortimes.net\/es\/wp-json\/wp\/v2\/media\/205594"}],"wp:attachment":[{"href":"https:\/\/www.ecuadortimes.net\/es\/wp-json\/wp\/v2\/media?parent=205593"}],"wp:term":[{"taxonomy":"category","embeddable":true,"href":"https:\/\/www.ecuadortimes.net\/es\/wp-json\/wp\/v2\/categories?post=205593"},{"taxonomy":"post_tag","embeddable":true,"href":"https:\/\/www.ecuadortimes.net\/es\/wp-json\/wp\/v2\/tags?post=205593"}],"curies":[{"name":"wp","href":"https:\/\/api.w.org\/{rel}","templated":true}]}}