{"id":205601,"date":"2011-03-11T00:00:00","date_gmt":"2011-03-11T00:00:00","guid":{"rendered":"https:\/\/www.ecuadortimes.net\/es\/indonesia-erupcion-volcanica-tras-terremoto-en-japon\/"},"modified":"2011-03-11T00:00:00","modified_gmt":"2011-03-11T00:00:00","slug":"indonesia-erupcion-volcanica-tras-terremoto-en-japon","status":"publish","type":"post","link":"https:\/\/www.ecuadortimes.net\/es\/indonesia-erupcion-volcanica-tras-terremoto-en-japon\/","title":{"rendered":"Indonesia: Erupci\u00f3n volc\u00e1nica tras terremoto en Jap\u00f3n"},"content":{"rendered":"<p>El Volc\u00e1n Karangetang, erupcion\u00f3 hoy tras el devastador sismo de 8.9 grados que sacudiera el noreste de Jap\u00f3n.<\/p>\n<p>El volc\u00e1n ha comenzado a expulsar nubes de gas y lava desciende por sus laderas.<\/p>\n<p>Autoridades indonesias han iniciado la evacuaci\u00f3n de los residentes que viven en las aldeas cercanas al volc\u00e1n. Hasta el momento no ha sido reportada informaci\u00f3n acerca de eventuales da\u00f1os materiales o v\u00edctimas.<\/p>\n<p>Fuente: Correo Lima<\/p>\n","protected":false},"excerpt":{"rendered":"<p>El Volc\u00e1n Karangetang, erupcion\u00f3 hoy tras el devastador sismo de 8.9 grados que sacudiera el noreste de Jap\u00f3n. El volc\u00e1n ha comenzado a expulsar nubes de gas y lava desciende por sus laderas. Autoridades indonesias han iniciado la evacuaci\u00f3n de los residentes que viven en las aldeas cercanas al volc\u00e1n. Hasta el momento no ha sido reportada informaci\u00f3n acerca de eventuales da\u00f1os materiales o v\u00edctimas. Fuente: Correo Lima<\/p>\n","protected":false},"author":1,"featured_media":205602,"comment_status":"open","ping_status":"open","sticky":false,"template":"","format":"standard","meta":[],"categories":[36,37],"tags":[],"_links":{"self":[{"href":"https:\/\/www.ecuadortimes.net\/es\/wp-json\/wp\/v2\/posts\/205601"}],"collection":[{"href":"https:\/\/www.ecuadortimes.net\/es\/wp-json\/wp\/v2\/posts"}],"about":[{"href":"https:\/\/www.ecuadortimes.net\/es\/wp-json\/wp\/v2\/types\/post"}],"author":[{"embeddable":true,"href":"https:\/\/www.ecuadortimes.net\/es\/wp-json\/wp\/v2\/users\/1"}],"replies":[{"embeddable":true,"href":"https:\/\/www.ecuadortimes.net\/es\/wp-json\/wp\/v2\/comments?post=205601"}],"version-history":[{"count":0,"href":"https:\/\/www.ecuadortimes.net\/es\/wp-json\/wp\/v2\/posts\/205601\/revisions"}],"wp:featuredmedia":[{"embeddable":true,"href":"https:\/\/www.ecuadortimes.net\/es\/wp-json\/wp\/v2\/media\/205602"}],"wp:attachment":[{"href":"https:\/\/www.ecuadortimes.net\/es\/wp-json\/wp\/v2\/media?parent=205601"}],"wp:term":[{"taxonomy":"category","embeddable":true,"href":"https:\/\/www.ecuadortimes.net\/es\/wp-json\/wp\/v2\/categories?post=205601"},{"taxonomy":"post_tag","embeddable":true,"href":"https:\/\/www.ecuadortimes.net\/es\/wp-json\/wp\/v2\/tags?post=205601"}],"curies":[{"name":"wp","href":"https:\/\/api.w.org\/{rel}","templated":true}]}}