{"id":205603,"date":"2011-03-11T00:00:00","date_gmt":"2011-03-11T00:00:00","guid":{"rendered":"https:\/\/www.ecuadortimes.net\/es\/evacuan-las-tres-islas-principales-de-galapagos\/"},"modified":"2011-03-11T00:00:00","modified_gmt":"2011-03-11T00:00:00","slug":"evacuan-las-tres-islas-principales-de-galapagos","status":"publish","type":"post","link":"https:\/\/www.ecuadortimes.net\/es\/evacuan-las-tres-islas-principales-de-galapagos\/","title":{"rendered":"Evac\u00faan las tres islas principales de Gal\u00e1pagos"},"content":{"rendered":"<div>\n<p style=\"text-align: justify;\"><a rel=\"attachment wp-att-20593\" href=\"http:\/\/www.ecuadortimes.net\/es\/2011\/03\/11\/evacuan-las-tres-islas-principales-de-galapagos\/gala\/\"><img loading=\"lazy\" class=\"alignleft size-full wp-image-20593\" src=\"https:\/\/www.ecuadortimes.net\/es\/wp-content\/uploads\/2011\/03\/gala.jpg\" alt=\"\" width=\"300\" height=\"275\" \/><\/a>Los habitantes de las islas Santa Cruz, San Crist\u00f3bal e Isabela est\u00e1n siendo evacuados desde las 06:00 a zonas seguras debido a la alerta de tsunami en las costas ecuatorianas.<\/p>\n<p style=\"text-align: justify;\">En Santa Cruz, la evacuaci\u00f3n se realiza en orden hacia la parte alta de la parroquia Bellavista, a 10 minutos de Puerto Ayora. Los habitantes de la isla San Crist\u00f3bal, evac\u00faan hacia la parroquia El Progreso mientras que la Capitan\u00eda del Puerto de la isla orden\u00f3 que se suspenda toda actividad mar\u00edtima y en un comunicado. Las actividades que se realicen en alta mar deber\u00e1n dirigirse a profundidades mayores a 100 metros. La comunicaci\u00f3n v\u00eda celular e Internet no tiene estabilidad, especialmente en la isla Isabela.<\/p>\n<p style=\"text-align: justify;\">Como se conoci\u00f3 que la ola llegar\u00eda a las 17:00 (c\u00e1lculo aproximado) las personas tomaron la evacuaci\u00f3n con m\u00e1s calma. Adem\u00e1s est\u00e1n subiendo (a El Progreso) con mochilas de ropa, v\u00edveres, y una vez arriba ya no los dejan bajar. Se dio la orden de que las naves que est\u00e1n navegando lleguen al puerto m\u00e1s cercano y se est\u00e1 cumpliendo, especialmente con las embarcaciones de turismo\u009d se\u00f1al\u00f3 Enrique Ramos, director del peri\u00f3dico El Colono.<\/p>\n<p style=\"text-align: justify;\"><strong>Fuente<\/strong>: El Comercio<\/p>\n<\/div>\n","protected":false},"excerpt":{"rendered":"<p>Los habitantes de las islas Santa Cruz, San Crist\u00f3bal e Isabela est\u00e1n siendo evacuados desde las 06:00 a zonas seguras debido a la alerta de tsunami en las costas ecuatorianas. En Santa Cruz, la evacuaci\u00f3n se realiza en orden hacia la parte alta de la parroquia Bellavista, a 10 minutos de Puerto Ayora. Los habitantes de la isla San Crist\u00f3bal, evac\u00faan hacia la parroquia El Progreso mientras que la Capitan\u00eda del Puerto de la isla orden\u00f3 que se suspenda toda actividad mar\u00edtima y en un comunicado. Las actividades que se realicen en alta mar deber\u00e1n dirigirse a profundidades mayores a 100 metros. La comunicaci\u00f3n v\u00eda celular e Internet no tiene estabilidad, especialmente en la isla Isabela. Como se conoci\u00f3 que la ola llegar\u00eda a las 17:00 (c\u00e1lculo aproximado) las personas tomaron la evacuaci\u00f3n con m\u00e1s calma. Adem\u00e1s est\u00e1n subiendo (a El Progreso) con mochilas de ropa, v\u00edveres, y una vez arriba ya no los dejan bajar. Se dio la orden de que las naves que est\u00e1n navegando lleguen al puerto m\u00e1s cercano y se est\u00e1 cumpliendo, especialmente con las embarcaciones de turismo\u009d se\u00f1al\u00f3 Enrique Ramos, director del peri\u00f3dico El Colono. Fuente: El Comercio<\/p>\n","protected":false},"author":1,"featured_media":205604,"comment_status":"open","ping_status":"open","sticky":false,"template":"","format":"standard","meta":[],"categories":[35,37],"tags":[],"_links":{"self":[{"href":"https:\/\/www.ecuadortimes.net\/es\/wp-json\/wp\/v2\/posts\/205603"}],"collection":[{"href":"https:\/\/www.ecuadortimes.net\/es\/wp-json\/wp\/v2\/posts"}],"about":[{"href":"https:\/\/www.ecuadortimes.net\/es\/wp-json\/wp\/v2\/types\/post"}],"author":[{"embeddable":true,"href":"https:\/\/www.ecuadortimes.net\/es\/wp-json\/wp\/v2\/users\/1"}],"replies":[{"embeddable":true,"href":"https:\/\/www.ecuadortimes.net\/es\/wp-json\/wp\/v2\/comments?post=205603"}],"version-history":[{"count":0,"href":"https:\/\/www.ecuadortimes.net\/es\/wp-json\/wp\/v2\/posts\/205603\/revisions"}],"wp:featuredmedia":[{"embeddable":true,"href":"https:\/\/www.ecuadortimes.net\/es\/wp-json\/wp\/v2\/media\/205604"}],"wp:attachment":[{"href":"https:\/\/www.ecuadortimes.net\/es\/wp-json\/wp\/v2\/media?parent=205603"}],"wp:term":[{"taxonomy":"category","embeddable":true,"href":"https:\/\/www.ecuadortimes.net\/es\/wp-json\/wp\/v2\/categories?post=205603"},{"taxonomy":"post_tag","embeddable":true,"href":"https:\/\/www.ecuadortimes.net\/es\/wp-json\/wp\/v2\/tags?post=205603"}],"curies":[{"name":"wp","href":"https:\/\/api.w.org\/{rel}","templated":true}]}}