{"id":205607,"date":"2011-03-11T00:00:00","date_gmt":"2011-03-11T00:00:00","guid":{"rendered":"https:\/\/www.ecuadortimes.net\/es\/funcionarios-de-transito-manejan-el-proceso-de-evacuacion\/"},"modified":"2011-03-11T00:00:00","modified_gmt":"2011-03-11T00:00:00","slug":"funcionarios-de-transito-manejan-el-proceso-de-evacuacion","status":"publish","type":"post","link":"https:\/\/www.ecuadortimes.net\/es\/funcionarios-de-transito-manejan-el-proceso-de-evacuacion\/","title":{"rendered":"Funcionarios de transito manejan el proceso de evacuaci\u00f3n"},"content":{"rendered":"<p>En la provincia de Santa Elena, en la costa de Ecuador, los ciudadanos piden a las autoridades que los salven. Varios camiones militares y civiles llevan civiles mientras los soldados, con una cadena humana, contienen la masa desesperada de personas que se ha reunido en los lados de la carretera para subirse a cualquier veh\u00edculo. Oficiales de Polic\u00eda manejan la evacuaci\u00f3n organizando el tr\u00e1fico y las personas.<\/p>\n<p style=\"text-align: center;\"><a rel=\"attachment wp-att-20643\" href=\"http:\/\/www.ecuadortimes.net\/es\/2011\/03\/11\/funcionarios-de-transito-manejan-el-proceso-de-evacuacion\/evacuacion-santa-elena-2\/\"><img loading=\"lazy\" class=\"aligncenter size-large wp-image-20643\" title=\"Militares ayudan con la evacuaci\u00f3n en Santa Elena\" src=\"https:\/\/www.ecuadortimes.net\/es\/wp-content\/uploads\/2011\/03\/CPF_1348CPF1-1024x679.jpg\" alt=\"\" width=\"614\" height=\"407\" \/><\/a><\/p>\n<p>En el fuerte calor de la costa, las personas cargan sus bolsos y hacen fila para conseguir transportaci\u00f3n segura fuera de la provincia del sector K1 de la provincia de Santa Elena. El flujo de veh\u00edculos es interminable, sin embargo, los exiliados han mantenido una relativa calma y obedecen las \u00f3rdenes de los oficiales. Peque\u00f1as carpas m\u00e9dicas se han establecido cerca de la evacuaci\u00f3n para ayudar posibles heridos y desmayos por personas afectadas por el sol.<\/p>\n<p>Actualmente el director nacional de transito, Ricardo Ant\u00f3n junto con el Coronel Lalama arribaron a la escena con varios oficiales de la Comisi\u00f3n de Tr\u00e1nsito del Guayas para ayudar con el proceso de evacuaci\u00f3n.<\/p>\n","protected":false},"excerpt":{"rendered":"<p>En la provincia de Santa Elena, en la costa de Ecuador, los ciudadanos piden a las autoridades que los salven. Varios camiones militares y civiles llevan civiles mientras los soldados, con una cadena humana, contienen la masa desesperada de personas que se ha reunido en los lados de la carretera para subirse a cualquier veh\u00edculo. Oficiales de Polic\u00eda manejan la evacuaci\u00f3n organizando el tr\u00e1fico y las personas. En el fuerte calor de la costa, las personas cargan sus bolsos y hacen fila para conseguir transportaci\u00f3n segura fuera de la provincia del sector K1 de la provincia de Santa Elena. El flujo de veh\u00edculos es interminable, sin embargo, los exiliados han mantenido una relativa calma y obedecen las \u00f3rdenes de los oficiales. Peque\u00f1as carpas m\u00e9dicas se han establecido cerca de la evacuaci\u00f3n para ayudar posibles heridos y desmayos por personas afectadas por el sol. Actualmente el director nacional de transito, Ricardo Ant\u00f3n junto con el Coronel Lalama arribaron a la escena con varios oficiales de la Comisi\u00f3n de Tr\u00e1nsito del Guayas para ayudar con el proceso de evacuaci\u00f3n.<\/p>\n","protected":false},"author":1,"featured_media":205608,"comment_status":"open","ping_status":"open","sticky":false,"template":"","format":"standard","meta":[],"categories":[35,37],"tags":[],"_links":{"self":[{"href":"https:\/\/www.ecuadortimes.net\/es\/wp-json\/wp\/v2\/posts\/205607"}],"collection":[{"href":"https:\/\/www.ecuadortimes.net\/es\/wp-json\/wp\/v2\/posts"}],"about":[{"href":"https:\/\/www.ecuadortimes.net\/es\/wp-json\/wp\/v2\/types\/post"}],"author":[{"embeddable":true,"href":"https:\/\/www.ecuadortimes.net\/es\/wp-json\/wp\/v2\/users\/1"}],"replies":[{"embeddable":true,"href":"https:\/\/www.ecuadortimes.net\/es\/wp-json\/wp\/v2\/comments?post=205607"}],"version-history":[{"count":0,"href":"https:\/\/www.ecuadortimes.net\/es\/wp-json\/wp\/v2\/posts\/205607\/revisions"}],"wp:featuredmedia":[{"embeddable":true,"href":"https:\/\/www.ecuadortimes.net\/es\/wp-json\/wp\/v2\/media\/205608"}],"wp:attachment":[{"href":"https:\/\/www.ecuadortimes.net\/es\/wp-json\/wp\/v2\/media?parent=205607"}],"wp:term":[{"taxonomy":"category","embeddable":true,"href":"https:\/\/www.ecuadortimes.net\/es\/wp-json\/wp\/v2\/categories?post=205607"},{"taxonomy":"post_tag","embeddable":true,"href":"https:\/\/www.ecuadortimes.net\/es\/wp-json\/wp\/v2\/tags?post=205607"}],"curies":[{"name":"wp","href":"https:\/\/api.w.org\/{rel}","templated":true}]}}