{"id":205613,"date":"2011-03-11T00:00:00","date_gmt":"2011-03-11T00:00:00","guid":{"rendered":"https:\/\/www.ecuadortimes.net\/es\/correa-al-pais-no-llegara-un-tsunami-sino-una-fuerte-marejada\/"},"modified":"2011-03-11T00:00:00","modified_gmt":"2011-03-11T00:00:00","slug":"correa-al-pais-no-llegara-un-tsunami-sino-una-fuerte-marejada","status":"publish","type":"post","link":"https:\/\/www.ecuadortimes.net\/es\/correa-al-pais-no-llegara-un-tsunami-sino-una-fuerte-marejada\/","title":{"rendered":"Correa: Al pa\u00eds no llegar\u00e1 un tsunami, sino una fuerte marejada"},"content":{"rendered":"<p>El presidente de la Rep\u00fablica de Ecuador, Rafael Correa, indic\u00f3 este viernes que la posibilidad de inundaci\u00f3n en Guayaquil, por efectos del tsunami en Jap\u00f3n, es casi inexistente.<\/p>\n<p>Tras la declaratoria de alerta de tsunami en 20 pa\u00edses, entre los cuales se incluye a Ecuador, el Jefe de Estado indic\u00f3 esta tarde que al pa\u00eds no llegar\u00e1 un tsunami sino una fuerte marejada, pero &#8220;todav\u00eda hay que esperar&#8221;, pues est\u00e1 previsto que de 05:30 a 06:00 la ola llegue a Gal\u00e1pagos, donde la poblaci\u00f3n ya fue evacuada.<\/p>\n<p>El presidente indic\u00f3 este viernes que de acuerdo a la informaci\u00f3n que se tiene hasta el momento se puede decir que no hay v\u00edctimas ecuatorianas en el terremoto y tsunami ocurrido en Jap\u00f3n.<\/p>\n<p>Fuente: El Universo<\/p>\n","protected":false},"excerpt":{"rendered":"<p>El presidente de la Rep\u00fablica de Ecuador, Rafael Correa, indic\u00f3 este viernes que la posibilidad de inundaci\u00f3n en Guayaquil, por efectos del tsunami en Jap\u00f3n, es casi inexistente. Tras la declaratoria de alerta de tsunami en 20 pa\u00edses, entre los cuales se incluye a Ecuador, el Jefe de Estado indic\u00f3 esta tarde que al pa\u00eds no llegar\u00e1 un tsunami sino una fuerte marejada, pero &#8220;todav\u00eda hay que esperar&#8221;, pues est\u00e1 previsto que de 05:30 a 06:00 la ola llegue a Gal\u00e1pagos, donde la poblaci\u00f3n ya fue evacuada. El presidente indic\u00f3 este viernes que de acuerdo a la informaci\u00f3n que se tiene hasta el momento se puede decir que no hay v\u00edctimas ecuatorianas en el terremoto y tsunami ocurrido en Jap\u00f3n. Fuente: El Universo<\/p>\n","protected":false},"author":1,"featured_media":205614,"comment_status":"open","ping_status":"open","sticky":false,"template":"","format":"standard","meta":[],"categories":[35,37],"tags":[],"_links":{"self":[{"href":"https:\/\/www.ecuadortimes.net\/es\/wp-json\/wp\/v2\/posts\/205613"}],"collection":[{"href":"https:\/\/www.ecuadortimes.net\/es\/wp-json\/wp\/v2\/posts"}],"about":[{"href":"https:\/\/www.ecuadortimes.net\/es\/wp-json\/wp\/v2\/types\/post"}],"author":[{"embeddable":true,"href":"https:\/\/www.ecuadortimes.net\/es\/wp-json\/wp\/v2\/users\/1"}],"replies":[{"embeddable":true,"href":"https:\/\/www.ecuadortimes.net\/es\/wp-json\/wp\/v2\/comments?post=205613"}],"version-history":[{"count":0,"href":"https:\/\/www.ecuadortimes.net\/es\/wp-json\/wp\/v2\/posts\/205613\/revisions"}],"wp:featuredmedia":[{"embeddable":true,"href":"https:\/\/www.ecuadortimes.net\/es\/wp-json\/wp\/v2\/media\/205614"}],"wp:attachment":[{"href":"https:\/\/www.ecuadortimes.net\/es\/wp-json\/wp\/v2\/media?parent=205613"}],"wp:term":[{"taxonomy":"category","embeddable":true,"href":"https:\/\/www.ecuadortimes.net\/es\/wp-json\/wp\/v2\/categories?post=205613"},{"taxonomy":"post_tag","embeddable":true,"href":"https:\/\/www.ecuadortimes.net\/es\/wp-json\/wp\/v2\/tags?post=205613"}],"curies":[{"name":"wp","href":"https:\/\/api.w.org\/{rel}","templated":true}]}}