{"id":205615,"date":"2011-03-11T00:00:00","date_gmt":"2011-03-11T00:00:00","guid":{"rendered":"https:\/\/www.ecuadortimes.net\/es\/riesgo-de-fuga-radioactiva-en-japon\/"},"modified":"2011-03-11T00:00:00","modified_gmt":"2011-03-11T00:00:00","slug":"riesgo-de-fuga-radioactiva-en-japon","status":"publish","type":"post","link":"https:\/\/www.ecuadortimes.net\/es\/riesgo-de-fuga-radioactiva-en-japon\/","title":{"rendered":"Riesgo de fuga radioactiva en Jap\u00f3n"},"content":{"rendered":"<div>\n<p style=\"text-align: justify;\">El Gobierno japon\u00e9s ha declarado el estado de emergencia en la central nuclear de Fukushima Daiichi debido a un fallo en uno de los sistemas de refrigeraci\u00f3n en uno de los reactores \u00a0nucleares, \u00e9ste se produjo luego del terremoto de 8.9 grados en el noroeste del pa\u00eds.<\/p>\n<p><img loading=\"lazy\" class=\"aligncenter size-full wp-image-20701\" src=\"https:\/\/www.ecuadortimes.net\/es\/wp-content\/uploads\/2011\/03\/Fukushima.jpeg\" alt=\"\" width=\"450\" height=\"316\" \/><\/p>\n<p style=\"text-align: justify;\">Seg\u00fan el ministro de industria Banri Kaieda, podr\u00eda prodicirse una peque\u00f1a fuga radioactiva en la central por lo que las autoridades japonesas ya han evacuado a las personas residentes de una zona cercana al reactor como medida de precauci\u00f3n.<\/p>\n<p style=\"text-align: justify;\">El Ministerio de comercio inform\u00f3 que el da\u00f1o en el sistema de refrigeraci\u00f3n ya est\u00e1 siendo reparado.<\/p>\n<p style=\"text-align: justify;\">Fuente: Reuters<\/p>\n<\/div>\n","protected":false},"excerpt":{"rendered":"<p>El Gobierno japon\u00e9s ha declarado el estado de emergencia en la central nuclear de Fukushima Daiichi debido a un fallo en uno de los sistemas de refrigeraci\u00f3n en uno de los reactores \u00a0nucleares, \u00e9ste se produjo luego del terremoto de 8.9 grados en el noroeste del pa\u00eds. Seg\u00fan el ministro de industria Banri Kaieda, podr\u00eda prodicirse una peque\u00f1a fuga radioactiva en la central por lo que las autoridades japonesas ya han evacuado a las personas residentes de una zona cercana al reactor como medida de precauci\u00f3n. El Ministerio de comercio inform\u00f3 que el da\u00f1o en el sistema de refrigeraci\u00f3n ya est\u00e1 siendo reparado. Fuente: Reuters<\/p>\n","protected":false},"author":1,"featured_media":205616,"comment_status":"open","ping_status":"open","sticky":false,"template":"","format":"standard","meta":[],"categories":[36,37,30],"tags":[],"_links":{"self":[{"href":"https:\/\/www.ecuadortimes.net\/es\/wp-json\/wp\/v2\/posts\/205615"}],"collection":[{"href":"https:\/\/www.ecuadortimes.net\/es\/wp-json\/wp\/v2\/posts"}],"about":[{"href":"https:\/\/www.ecuadortimes.net\/es\/wp-json\/wp\/v2\/types\/post"}],"author":[{"embeddable":true,"href":"https:\/\/www.ecuadortimes.net\/es\/wp-json\/wp\/v2\/users\/1"}],"replies":[{"embeddable":true,"href":"https:\/\/www.ecuadortimes.net\/es\/wp-json\/wp\/v2\/comments?post=205615"}],"version-history":[{"count":0,"href":"https:\/\/www.ecuadortimes.net\/es\/wp-json\/wp\/v2\/posts\/205615\/revisions"}],"wp:featuredmedia":[{"embeddable":true,"href":"https:\/\/www.ecuadortimes.net\/es\/wp-json\/wp\/v2\/media\/205616"}],"wp:attachment":[{"href":"https:\/\/www.ecuadortimes.net\/es\/wp-json\/wp\/v2\/media?parent=205615"}],"wp:term":[{"taxonomy":"category","embeddable":true,"href":"https:\/\/www.ecuadortimes.net\/es\/wp-json\/wp\/v2\/categories?post=205615"},{"taxonomy":"post_tag","embeddable":true,"href":"https:\/\/www.ecuadortimes.net\/es\/wp-json\/wp\/v2\/tags?post=205615"}],"curies":[{"name":"wp","href":"https:\/\/api.w.org\/{rel}","templated":true}]}}