{"id":205617,"date":"2011-03-11T00:00:00","date_gmt":"2011-03-11T00:00:00","guid":{"rendered":"https:\/\/www.ecuadortimes.net\/es\/olas-del-tsunami-en-japon-llegaron-a-costas-americanas\/"},"modified":"2011-03-11T00:00:00","modified_gmt":"2011-03-11T00:00:00","slug":"olas-del-tsunami-en-japon-llegaron-a-costas-americanas","status":"publish","type":"post","link":"https:\/\/www.ecuadortimes.net\/es\/olas-del-tsunami-en-japon-llegaron-a-costas-americanas\/","title":{"rendered":"Olas del tsunami en Jap\u00f3n llegaron a costas americanas"},"content":{"rendered":"<p><a rel=\"attachment wp-att-20727\" href=\"http:\/\/www.ecuadortimes.net\/es\/2011\/03\/11\/olas-del-tsunami-en-japon-llegaron-a-costas-americanas\/s_j25_rtr2jr56\/\"><img loading=\"lazy\" class=\"alignleft size-medium wp-image-20727\" src=\"https:\/\/www.ecuadortimes.net\/es\/wp-content\/uploads\/2011\/03\/s_j25_RTR2JR56-300x194.jpg\" alt=\"\" width=\"300\" height=\"194\" \/><\/a>Alrededor de las 12:30 de Ecuador (17:30 GMT), la costa noreste de M\u00e9xico fue asechadas por olas de medio metro provocadas por el tsunami ocurrido la tarde de ayer en Jap\u00f3n. Las olas podr\u00edan crecer hasta dos metros seg\u00fan informes del Centro de Investigaci\u00f3n Cient\u00edfica de esa regi\u00f3n. El gobierno mexicano ha decretado la alerta en sus costas del Pac\u00edfico, pero enfatizando que el fen\u00f3meno representa un peligro moderado.<\/p>\n<p>En California, Estados Unidos, \u00a0se notificaban evacuaciones en cinco condados costeros, mientras que en Hawai, el tsunami lleg\u00f3 a tierra con olas de entre 50 y 70 cent\u00edmetros, seg\u00fan los primeros informes.<\/p>\n<p>Pa\u00edses centroamericanos decretaron alertas de un posible tsunami y comenzaron a monitorear el litoral Pac\u00edfico ante el riesgo de tsunami. Se espera un maremoto en costas centroamericanas cerca de las 17:00 de ecuador (22:00 GMT) durante la marea baja, lo que disminuir\u00eda los riesgos de peligro.<\/p>\n<p>Colombia, hasta el momento no decreta la orden de evacuaci\u00f3n, pero asegura que se encuentran monitoreando el oleaje en el pacifico. Lima, dispondr\u00eda cerrar la ruta oce\u00e1nica que atraviesa la ciudad al borde del oc\u00e9ano. En cambio en Isla de Pascua, isla chilena a 3.500 km del litoral, est\u00e1 prevista una evacuaci\u00f3n preventiva de sus 4.000 habitantes.<\/p>\n<p>&nbsp;<\/p>\n<p>Fuente: Diario El Universo<\/p>\n","protected":false},"excerpt":{"rendered":"<p>Alrededor de las 12:30 de Ecuador (17:30 GMT), la costa noreste de M\u00e9xico fue asechadas por olas de medio metro provocadas por el tsunami ocurrido la tarde de ayer en Jap\u00f3n. Las olas podr\u00edan crecer hasta dos metros seg\u00fan informes del Centro de Investigaci\u00f3n Cient\u00edfica de esa regi\u00f3n. El gobierno mexicano ha decretado la alerta en sus costas del Pac\u00edfico, pero enfatizando que el fen\u00f3meno representa un peligro moderado. En California, Estados Unidos, \u00a0se notificaban evacuaciones en cinco condados costeros, mientras que en Hawai, el tsunami lleg\u00f3 a tierra con olas de entre 50 y 70 cent\u00edmetros, seg\u00fan los primeros informes. Pa\u00edses centroamericanos decretaron alertas de un posible tsunami y comenzaron a monitorear el litoral Pac\u00edfico ante el riesgo de tsunami. Se espera un maremoto en costas centroamericanas cerca de las 17:00 de ecuador (22:00 GMT) durante la marea baja, lo que disminuir\u00eda los riesgos de peligro. Colombia, hasta el momento no decreta la orden de evacuaci\u00f3n, pero asegura que se encuentran monitoreando el oleaje en el pacifico. Lima, dispondr\u00eda cerrar la ruta oce\u00e1nica que atraviesa la ciudad al borde del oc\u00e9ano. En cambio en Isla de Pascua, isla chilena a 3.500 km del litoral, est\u00e1 prevista una evacuaci\u00f3n preventiva de sus 4.000 habitantes. &nbsp; Fuente: Diario El Universo<\/p>\n","protected":false},"author":1,"featured_media":205618,"comment_status":"open","ping_status":"open","sticky":false,"template":"","format":"standard","meta":[],"categories":[36,37],"tags":[],"_links":{"self":[{"href":"https:\/\/www.ecuadortimes.net\/es\/wp-json\/wp\/v2\/posts\/205617"}],"collection":[{"href":"https:\/\/www.ecuadortimes.net\/es\/wp-json\/wp\/v2\/posts"}],"about":[{"href":"https:\/\/www.ecuadortimes.net\/es\/wp-json\/wp\/v2\/types\/post"}],"author":[{"embeddable":true,"href":"https:\/\/www.ecuadortimes.net\/es\/wp-json\/wp\/v2\/users\/1"}],"replies":[{"embeddable":true,"href":"https:\/\/www.ecuadortimes.net\/es\/wp-json\/wp\/v2\/comments?post=205617"}],"version-history":[{"count":0,"href":"https:\/\/www.ecuadortimes.net\/es\/wp-json\/wp\/v2\/posts\/205617\/revisions"}],"wp:featuredmedia":[{"embeddable":true,"href":"https:\/\/www.ecuadortimes.net\/es\/wp-json\/wp\/v2\/media\/205618"}],"wp:attachment":[{"href":"https:\/\/www.ecuadortimes.net\/es\/wp-json\/wp\/v2\/media?parent=205617"}],"wp:term":[{"taxonomy":"category","embeddable":true,"href":"https:\/\/www.ecuadortimes.net\/es\/wp-json\/wp\/v2\/categories?post=205617"},{"taxonomy":"post_tag","embeddable":true,"href":"https:\/\/www.ecuadortimes.net\/es\/wp-json\/wp\/v2\/tags?post=205617"}],"curies":[{"name":"wp","href":"https:\/\/api.w.org\/{rel}","templated":true}]}}