{"id":205619,"date":"2011-03-11T00:00:00","date_gmt":"2011-03-11T00:00:00","guid":{"rendered":"https:\/\/www.ecuadortimes.net\/es\/evacuacion-en-salinas-afecto-la-temporada-de-turismo\/"},"modified":"2011-03-11T00:00:00","modified_gmt":"2011-03-11T00:00:00","slug":"evacuacion-en-salinas-afecto-la-temporada-de-turismo","status":"publish","type":"post","link":"https:\/\/www.ecuadortimes.net\/es\/evacuacion-en-salinas-afecto-la-temporada-de-turismo\/","title":{"rendered":"Evacuaci\u00f3n en Salinas afect\u00f3 la temporada de turismo"},"content":{"rendered":"<p>La evacuaci\u00f3n en el cant\u00f3n de Salinas contin\u00faa. Muchos veh\u00edculos manejan a altas velocidades para salir de la ciudad durante la tarde; mientras tanto varios locales, hoteles y tiendas se encuentran cerrados. Las playas est\u00e1n desiertas y pocas personas merodean por las calles buscando salir con la esperanza de salir de Santa Elena para buscar transporte a las grandes ciudades. La evacuaci\u00f3n afect\u00f3 al sector tur\u00edstico debido a que abandonaron la popular playa. El cementerio de la ciudad se convirti\u00f3 en el punto de encuentro para ir al sector K1.<\/p>\n<p style=\"text-align: center;\"><a rel=\"attachment wp-att-20739\" href=\"http:\/\/www.ecuadortimes.net\/es\/2011\/03\/11\/evacuacion-en-salinas-afecto-la-temporada-de-turismo\/salinas-residents-await-transportation-2\/\"><img loading=\"lazy\" class=\"aligncenter size-full wp-image-20739\" title=\"Residentes de Salinas esperan transporte para salir de la ciudad\" src=\"https:\/\/www.ecuadortimes.net\/es\/wp-content\/uploads\/2011\/03\/Salinas-residents-await-transportation1.jpg\" alt=\"\" width=\"560\" height=\"448\" \/><\/a><\/p>\n","protected":false},"excerpt":{"rendered":"<p>La evacuaci\u00f3n en el cant\u00f3n de Salinas contin\u00faa. Muchos veh\u00edculos manejan a altas velocidades para salir de la ciudad durante la tarde; mientras tanto varios locales, hoteles y tiendas se encuentran cerrados. Las playas est\u00e1n desiertas y pocas personas merodean por las calles buscando salir con la esperanza de salir de Santa Elena para buscar transporte a las grandes ciudades. La evacuaci\u00f3n afect\u00f3 al sector tur\u00edstico debido a que abandonaron la popular playa. El cementerio de la ciudad se convirti\u00f3 en el punto de encuentro para ir al sector K1.<\/p>\n","protected":false},"author":1,"featured_media":205620,"comment_status":"open","ping_status":"open","sticky":false,"template":"","format":"standard","meta":[],"categories":[35,37],"tags":[],"_links":{"self":[{"href":"https:\/\/www.ecuadortimes.net\/es\/wp-json\/wp\/v2\/posts\/205619"}],"collection":[{"href":"https:\/\/www.ecuadortimes.net\/es\/wp-json\/wp\/v2\/posts"}],"about":[{"href":"https:\/\/www.ecuadortimes.net\/es\/wp-json\/wp\/v2\/types\/post"}],"author":[{"embeddable":true,"href":"https:\/\/www.ecuadortimes.net\/es\/wp-json\/wp\/v2\/users\/1"}],"replies":[{"embeddable":true,"href":"https:\/\/www.ecuadortimes.net\/es\/wp-json\/wp\/v2\/comments?post=205619"}],"version-history":[{"count":0,"href":"https:\/\/www.ecuadortimes.net\/es\/wp-json\/wp\/v2\/posts\/205619\/revisions"}],"wp:featuredmedia":[{"embeddable":true,"href":"https:\/\/www.ecuadortimes.net\/es\/wp-json\/wp\/v2\/media\/205620"}],"wp:attachment":[{"href":"https:\/\/www.ecuadortimes.net\/es\/wp-json\/wp\/v2\/media?parent=205619"}],"wp:term":[{"taxonomy":"category","embeddable":true,"href":"https:\/\/www.ecuadortimes.net\/es\/wp-json\/wp\/v2\/categories?post=205619"},{"taxonomy":"post_tag","embeddable":true,"href":"https:\/\/www.ecuadortimes.net\/es\/wp-json\/wp\/v2\/tags?post=205619"}],"curies":[{"name":"wp","href":"https:\/\/api.w.org\/{rel}","templated":true}]}}