{"id":205631,"date":"2011-03-12T00:00:00","date_gmt":"2011-03-12T00:00:00","guid":{"rendered":"https:\/\/www.ecuadortimes.net\/es\/javier-bustamante-habla-sobre-la-proteccion-ambiental\/"},"modified":"2011-03-12T00:00:00","modified_gmt":"2011-03-12T00:00:00","slug":"javier-bustamante-habla-sobre-la-proteccion-ambiental","status":"publish","type":"post","link":"https:\/\/www.ecuadortimes.net\/es\/javier-bustamante-habla-sobre-la-proteccion-ambiental\/","title":{"rendered":"Javier Bustamante habla sobre la protecci\u00f3n ambiental"},"content":{"rendered":"<p><a rel=\"attachment wp-att-20814\" href=\"http:\/\/www.ecuadortimes.net\/es\/2011\/03\/12\/javier-bustamante-habla-sobre-la-proteccion-ambiental\/javier-bustamante-2\/\"><img loading=\"lazy\" class=\"alignleft size-medium wp-image-20814\" title=\"Javier Bustamante\" src=\"https:\/\/www.ecuadortimes.net\/es\/wp-content\/uploads\/2011\/03\/Javier-Bustamante1-228x300.jpg\" alt=\"\" width=\"160\" height=\"210\" \/><\/a>Fundaci\u00f3n Natura tiene muchas pol\u00edticas ambientales y su misi\u00f3n principal es prevenir y controlar la contaminaci\u00f3n, as\u00ed como tambi\u00e9n la biodiversidad son las ideas primarias de la organizaci\u00f3n. Javier Bustamante es el actual Director Ejecutivo Nacional de Fundaci\u00f3n Natura.<\/p>\n<p>La iniciativa para la protecci\u00f3n y restauraci\u00f3n ambiental comenz\u00f3 con el Parque Nacional Gal\u00e1pagos, este fue una de las primeras \u00e1reas del Ecuador en ser protegida. Posteriormente muchos ecuatorianos comenzaron una serie de medidas, dentro de las cuales estaba la creaci\u00f3n de Fundaci\u00f3n Natura en 1978. La organizaci\u00f3n cumplir\u00e1 33 a\u00f1os de existencia en este a\u00f1o. El movimiento es apoyado por j\u00f3venes empresarios, ex cazadores y pescadores que se dieron cuenta que los recursos naturales de nuestro pa\u00eds comenzar\u00edan a desaparecer con el tiempo si no son protegidos.<\/p>\n<p>Organizaciones similares surgieron, como la reciente creaci\u00f3n del Ministerio del Ambiente que fue fundado el 4 de octubre de 1996. Dos a\u00f1os despu\u00e9s la ley de conducci\u00f3n ambiental fue creada en 1998, a ra\u00edz de esto varios reglamentos fueron modificados para instituciones y sectores espec\u00edficos. La ciudad de Quito es un tema preocupante ya que por m\u00e1s de 12 a\u00f1os ha luchado contra los problemas ambientales generados por su creciente poblaci\u00f3n. La calidad de aire de la capital mejor con el apoyo del Proyecto Calidad de Aire del gobierno Suizo, el cual ha estado activo por m\u00e1s de una d\u00e9cada. Este plan ha reducido considerablemente los humos t\u00f3xicos producidos por los motores de los veh\u00edculos y la posici\u00f3n geogr\u00e1fica de la ciudad.<\/p>\n<p>El trabajo de Fundaci\u00f3n Natura ha mejorado la calidad del agua de los r\u00edos, especialmente las del r\u00edo Machanga y el r\u00edo Mocas, los<a rel=\"attachment wp-att-20815\" href=\"http:\/\/www.ecuadortimes.net\/es\/2011\/03\/12\/javier-bustamante-habla-sobre-la-proteccion-ambiental\/polucion-home-2\/\"><img loading=\"lazy\" class=\"alignright size-medium wp-image-20815\" title=\"Veh\u00edculos contaminan la capital \" src=\"https:\/\/www.ecuadortimes.net\/es\/wp-content\/uploads\/2011\/03\/polucion-home1-300x189.jpg\" alt=\"\" width=\"300\" height=\"189\" \/><\/a> cuales estaban contaminados por aguas negras, pero gracias a inversiones se permiti\u00f3 comprar varios recolectores de part\u00edculas que fueron colocados en las laderas del r\u00edo. El 31 de diciembre de 2002, Quito fue la \u00faltima capital latinoamericana que ten\u00eda un espacio para la basura, y ahora es uno de las mejores instalaciones sanitarias para deshacerse de la basura, debido a que cura los l\u00edquidos t\u00f3xicos producidos por la acumulaci\u00f3n de desperdicios. Esta acci\u00f3n previene posibles da\u00f1os a la degradaci\u00f3n del ecosistema en la capital.<\/p>\n<p>En Quito hay muchos paisajes que est\u00e1n protegidos por actas estrictas, esto significa que para su protecci\u00f3n se han considerado muchas acciones, como disminuir el uso de los veh\u00edculos, lo que significar\u00eda un mejor servicio por parte del transporte p\u00fablico. Las campa\u00f1as de reciclaje fomentan una consciencia social sobre los peligros de la contaminaci\u00f3n y como pueden afectar la vida diaria de todos. Las principales pol\u00edticas ambientales son la prevenci\u00f3n de la contaminaci\u00f3n, la conservaci\u00f3n de la biodiversidad, educaci\u00f3n ambiental y pol\u00edticas ambientales. Para cumplir estos planes se han desarrollado muchos programas y proyectos alrededor del pa\u00eds.<\/p>\n<p>Es gracias a estas pol\u00edticas que muchos grupos de j\u00f3venes se han juntado para realizar acciones que van desde educaci\u00f3n ambiental para escuelas hasta el trabajo de campo. Estos l\u00edderes ambientales han desarrollado sus propias pol\u00edticas y eventualmente ser\u00e1n los nuevos l\u00edderes para el futuro de Fundaci\u00f3n Natura.<\/p>\n","protected":false},"excerpt":{"rendered":"<p>Fundaci\u00f3n Natura tiene muchas pol\u00edticas ambientales y su misi\u00f3n principal es prevenir y controlar la contaminaci\u00f3n, as\u00ed como tambi\u00e9n la biodiversidad son las ideas primarias de la organizaci\u00f3n. Javier Bustamante es el actual Director Ejecutivo Nacional de Fundaci\u00f3n Natura. La iniciativa para la protecci\u00f3n y restauraci\u00f3n ambiental comenz\u00f3 con el Parque Nacional Gal\u00e1pagos, este fue una de las primeras \u00e1reas del Ecuador en ser protegida. Posteriormente muchos ecuatorianos comenzaron una serie de medidas, dentro de las cuales estaba la creaci\u00f3n de Fundaci\u00f3n Natura en 1978. La organizaci\u00f3n cumplir\u00e1 33 a\u00f1os de existencia en este a\u00f1o. El movimiento es apoyado por j\u00f3venes empresarios, ex cazadores y pescadores que se dieron cuenta que los recursos naturales de nuestro pa\u00eds comenzar\u00edan a desaparecer con el tiempo si no son protegidos. Organizaciones similares surgieron, como la reciente creaci\u00f3n del Ministerio del Ambiente que fue fundado el 4 de octubre de 1996. Dos a\u00f1os despu\u00e9s la ley de conducci\u00f3n ambiental fue creada en 1998, a ra\u00edz de esto varios reglamentos fueron modificados para instituciones y sectores espec\u00edficos. La ciudad de Quito es un tema preocupante ya que por m\u00e1s de 12 a\u00f1os ha luchado contra los problemas ambientales generados por su creciente poblaci\u00f3n. La calidad de aire de la capital mejor con el apoyo del Proyecto Calidad de Aire del gobierno Suizo, el cual ha estado activo por m\u00e1s de una d\u00e9cada. Este plan ha reducido considerablemente los humos t\u00f3xicos producidos por los motores de los veh\u00edculos y la posici\u00f3n geogr\u00e1fica de la ciudad. El trabajo de Fundaci\u00f3n Natura ha mejorado la calidad del agua de los r\u00edos, especialmente las del r\u00edo Machanga y el r\u00edo Mocas, los cuales estaban contaminados por aguas negras, pero gracias a inversiones se permiti\u00f3 comprar varios recolectores de part\u00edculas que fueron colocados en las laderas del r\u00edo. El 31 de diciembre de 2002, Quito fue la \u00faltima capital latinoamericana que ten\u00eda un espacio para la basura, y ahora es uno de las mejores instalaciones sanitarias para deshacerse de la basura, debido a que cura los l\u00edquidos t\u00f3xicos producidos por la acumulaci\u00f3n de desperdicios. Esta acci\u00f3n previene posibles da\u00f1os a la degradaci\u00f3n del ecosistema en la capital. En Quito hay muchos paisajes que est\u00e1n protegidos por actas estrictas, esto significa que para su protecci\u00f3n se han considerado muchas acciones, como disminuir el uso de los veh\u00edculos, lo que significar\u00eda un mejor servicio por parte del transporte p\u00fablico. Las campa\u00f1as de reciclaje fomentan una consciencia social sobre los peligros de la contaminaci\u00f3n y como pueden afectar la vida diaria de todos. Las principales pol\u00edticas ambientales son la prevenci\u00f3n de la contaminaci\u00f3n, la conservaci\u00f3n de la biodiversidad, educaci\u00f3n ambiental y pol\u00edticas ambientales. Para cumplir estos planes se han desarrollado muchos programas y proyectos alrededor del pa\u00eds. Es gracias a estas pol\u00edticas que muchos grupos de j\u00f3venes se han juntado para realizar acciones que van desde educaci\u00f3n ambiental para escuelas hasta el trabajo de campo. Estos l\u00edderes ambientales han desarrollado sus propias pol\u00edticas y eventualmente ser\u00e1n los nuevos l\u00edderes para el futuro de Fundaci\u00f3n Natura.<\/p>\n","protected":false},"author":1,"featured_media":205632,"comment_status":"open","ping_status":"open","sticky":false,"template":"","format":"standard","meta":[],"categories":[32,37],"tags":[],"_links":{"self":[{"href":"https:\/\/www.ecuadortimes.net\/es\/wp-json\/wp\/v2\/posts\/205631"}],"collection":[{"href":"https:\/\/www.ecuadortimes.net\/es\/wp-json\/wp\/v2\/posts"}],"about":[{"href":"https:\/\/www.ecuadortimes.net\/es\/wp-json\/wp\/v2\/types\/post"}],"author":[{"embeddable":true,"href":"https:\/\/www.ecuadortimes.net\/es\/wp-json\/wp\/v2\/users\/1"}],"replies":[{"embeddable":true,"href":"https:\/\/www.ecuadortimes.net\/es\/wp-json\/wp\/v2\/comments?post=205631"}],"version-history":[{"count":0,"href":"https:\/\/www.ecuadortimes.net\/es\/wp-json\/wp\/v2\/posts\/205631\/revisions"}],"wp:featuredmedia":[{"embeddable":true,"href":"https:\/\/www.ecuadortimes.net\/es\/wp-json\/wp\/v2\/media\/205632"}],"wp:attachment":[{"href":"https:\/\/www.ecuadortimes.net\/es\/wp-json\/wp\/v2\/media?parent=205631"}],"wp:term":[{"taxonomy":"category","embeddable":true,"href":"https:\/\/www.ecuadortimes.net\/es\/wp-json\/wp\/v2\/categories?post=205631"},{"taxonomy":"post_tag","embeddable":true,"href":"https:\/\/www.ecuadortimes.net\/es\/wp-json\/wp\/v2\/tags?post=205631"}],"curies":[{"name":"wp","href":"https:\/\/api.w.org\/{rel}","templated":true}]}}