{"id":205641,"date":"2011-03-13T00:00:00","date_gmt":"2011-03-13T00:00:00","guid":{"rendered":"https:\/\/www.ecuadortimes.net\/es\/costas-ecuatorianas-buscan-reanudar-sus-actividades-turisticas\/"},"modified":"2011-03-13T00:00:00","modified_gmt":"2011-03-13T00:00:00","slug":"costas-ecuatorianas-buscan-reanudar-sus-actividades-turisticas","status":"publish","type":"post","link":"https:\/\/www.ecuadortimes.net\/es\/costas-ecuatorianas-buscan-reanudar-sus-actividades-turisticas\/","title":{"rendered":"Costas ecuatorianas buscan reanudar sus actividades tur\u00edsticas"},"content":{"rendered":"<p><a rel=\"attachment wp-att-20891\" href=\"http:\/\/www.ecuadortimes.net\/2011\/03\/13\/ecuadorian-coasts-look-to-resume-tourist-activities\/by-el-hoy\/\"><img class=\"size-full wp-image-20891 alignleft\" title=\"By El Hoy\" src=\"https:\/\/www.ecuadortimes.net\/es\/wp-content\/uploads\/2011\/03\/By-El-Hoy.bmp\" alt=\"\" \/><\/a>30 horas de susto, evacuaciones y temores culminaron ayer, con alivio para la mayor\u00eda, despu\u00e9s de la emergencia que vivi\u00f3 el pa\u00eds por la llegada del tsunami originado en Jap\u00f3n.<\/p>\n<p>El saldo de la eventualidad fue: 242.678 personas evacuadas que retornaron a casa entre la madrugada y mediod\u00eda de ayer; de 200 a 550 botes pesqueros afectados por los oleajes; da\u00f1os materiales en Puerto Ayora y Puerto Baquerizo Moreno, en Gal\u00e1pagos; ocho vuelos suspendidos; unos 820 mil barriles de petr\u00f3leo no exportados; una cifra no determinada de p\u00e9rdidas para el sector tur\u00edstico.<\/p>\n<p>Los efectos mayores se sintieron en el sector pesquero artesanal, especialmente de Santa Elena, Gal\u00e1pagos y Esmeraldas, pues el embate de la corriente remeci\u00f3 los botes que hab\u00edan sido dejados en zonas no tan seguras o que no fueron extra\u00eddos hacia tierra firme.<\/p>\n<p><strong>GAL\u00c3\u0081PAGOS<\/strong><\/p>\n<p>La onda que ven\u00eda desde Jap\u00f3n recorri\u00f3 a un promedio de 760 km por hora. Su fuerza, sin embargo, vino disminuida y por eso no caus\u00f3 mayores percances. En Gal\u00e1pagos hubo efectos en Puerto Ayora, isla Santa Cruz, donde resultaron con da\u00f1os el cuartel de la Polic\u00eda, el local del Banco del Pac\u00edfico y una decena de comercios. Pero sobre todo, resultaron afectadas zonas de anidaci\u00f3n de especies y sitios de inter\u00e9s cient\u00edfico y tur\u00edstico.<\/p>\n<p>Ayer en la ma\u00f1ana, algunos de los habitantes de Santa Cruz y empleados municipales y de otras entidades p\u00fablicas hicieron una minga para limpiar el muelle, el malec\u00f3n y la avenida paralela. Ayer se reanudaron las actividades tur\u00edsticas.<\/p>\n<p><strong>SANTA ELENA<\/strong><\/p>\n<p>El fuerte oleaje que azot\u00f3 a las 23:00 del viernes las costas de la pen\u00ednsula de Santa Elena averi\u00f3 300 lanchas pesqueras en el puerto de Santa Rosa de Salinas.<\/p>\n<p>Las olas inundaron la calle principal e hicieron que las embarcaciones ancladas en el sitio se estrellaran contra las rocas y el muro de contenci\u00f3n.<\/p>\n<p>Sin embargo, hoy, la masiva afluencia de turistas en boleter\u00edas de las cooperativas que van a los distintos balnearios del pa\u00eds marc\u00f3 la reactivaci\u00f3n de la temporada playera.<\/p>\n<p><strong>MANTA<\/strong><\/p>\n<p>La playa de El Murci\u00e9lago empez\u00f3 ayer a recibir ba\u00f1istas antes de las 10:00. A esa hora la calma era general luego de que las olas que llegaron la noche del viernes pasado a este balneario no provocaron da\u00f1os al malec\u00f3n. El mar luc\u00eda calmado y la arena, limpia. De ah\u00ed que esta playa no tard\u00f3 en recibir a otros grupos familiares con el pasar de las horas.<\/p>\n<p><strong>BAH\u00c3\u008dA DE CAR\u00c3\u0081QUEZ<\/strong><strong><br \/>\n<\/strong><\/p>\n<p>Los ba\u00f1istas se hicieron presentes ayer en las playas de Bah\u00eda de Car\u00e1quez, San Vicente, Canoa, El Matal y otros balnearios manabitas, aunque hubo nerviosismo en las primeras horas de la ma\u00f1ana. Ello se disip\u00f3 en el transcurso del d\u00eda por cuanto se levant\u00f3 el estado de excepci\u00f3n que reg\u00eda en el pa\u00eds, lo que anim\u00f3 a m\u00e1s turistas a ir al mar.<\/p>\n<p><strong>PLAYAS<\/strong><\/p>\n<p>Los operadores esperaban que asistan al menos la mitad de los 8.000 turistas que aspiraban a recibir este fin de semana. Varias reservaciones fueron canceladas en algunos hoteles. Pasado el mediod\u00eda empezaron a llegar los ba\u00f1istas y se esperaba que hoy se normalice.<br \/>\n<strong><br \/>\n<\/strong>Fuente: Diario Expreso \/ Diario El Universo<\/p>\n","protected":false},"excerpt":{"rendered":"<p>30 horas de susto, evacuaciones y temores culminaron ayer, con alivio para la mayor\u00eda, despu\u00e9s de la emergencia que vivi\u00f3 el pa\u00eds por la llegada del tsunami originado en Jap\u00f3n. El saldo de la eventualidad fue: 242.678 personas evacuadas que retornaron a casa entre la madrugada y mediod\u00eda de ayer; de 200 a 550 botes pesqueros afectados por los oleajes; da\u00f1os materiales en Puerto Ayora y Puerto Baquerizo Moreno, en Gal\u00e1pagos; ocho vuelos suspendidos; unos 820 mil barriles de petr\u00f3leo no exportados; una cifra no determinada de p\u00e9rdidas para el sector tur\u00edstico. Los efectos mayores se sintieron en el sector pesquero artesanal, especialmente de Santa Elena, Gal\u00e1pagos y Esmeraldas, pues el embate de la corriente remeci\u00f3 los botes que hab\u00edan sido dejados en zonas no tan seguras o que no fueron extra\u00eddos hacia tierra firme. GAL\u00c3\u0081PAGOS La onda que ven\u00eda desde Jap\u00f3n recorri\u00f3 a un promedio de 760 km por hora. Su fuerza, sin embargo, vino disminuida y por eso no caus\u00f3 mayores percances. En Gal\u00e1pagos hubo efectos en Puerto Ayora, isla Santa Cruz, donde resultaron con da\u00f1os el cuartel de la Polic\u00eda, el local del Banco del Pac\u00edfico y una decena de comercios. Pero sobre todo, resultaron afectadas zonas de anidaci\u00f3n de especies y sitios de inter\u00e9s cient\u00edfico y tur\u00edstico. Ayer en la ma\u00f1ana, algunos de los habitantes de Santa Cruz y empleados municipales y de otras entidades p\u00fablicas hicieron una minga para limpiar el muelle, el malec\u00f3n y la avenida paralela. Ayer se reanudaron las actividades tur\u00edsticas. SANTA ELENA El fuerte oleaje que azot\u00f3 a las 23:00 del viernes las costas de la pen\u00ednsula de Santa Elena averi\u00f3 300 lanchas pesqueras en el puerto de Santa Rosa de Salinas. Las olas inundaron la calle principal e hicieron que las embarcaciones ancladas en el sitio se estrellaran contra las rocas y el muro de contenci\u00f3n. Sin embargo, hoy, la masiva afluencia de turistas en boleter\u00edas de las cooperativas que van a los distintos balnearios del pa\u00eds marc\u00f3 la reactivaci\u00f3n de la temporada playera. MANTA La playa de El Murci\u00e9lago empez\u00f3 ayer a recibir ba\u00f1istas antes de las 10:00. A esa hora la calma era general luego de que las olas que llegaron la noche del viernes pasado a este balneario no provocaron da\u00f1os al malec\u00f3n. El mar luc\u00eda calmado y la arena, limpia. De ah\u00ed que esta playa no tard\u00f3 en recibir a otros grupos familiares con el pasar de las horas. BAH\u00c3\u008dA DE CAR\u00c3\u0081QUEZ Los ba\u00f1istas se hicieron presentes ayer en las playas de Bah\u00eda de Car\u00e1quez, San Vicente, Canoa, El Matal y otros balnearios manabitas, aunque hubo nerviosismo en las primeras horas de la ma\u00f1ana. Ello se disip\u00f3 en el transcurso del d\u00eda por cuanto se levant\u00f3 el estado de excepci\u00f3n que reg\u00eda en el pa\u00eds, lo que anim\u00f3 a m\u00e1s turistas a ir al mar. PLAYAS Los operadores esperaban que asistan al menos la mitad de los 8.000 turistas que aspiraban a recibir este fin de semana. Varias reservaciones fueron canceladas en algunos hoteles. Pasado el mediod\u00eda empezaron a llegar los ba\u00f1istas y se esperaba que hoy se normalice. Fuente: Diario Expreso \/ Diario El Universo<\/p>\n","protected":false},"author":1,"featured_media":205642,"comment_status":"open","ping_status":"open","sticky":false,"template":"","format":"standard","meta":[],"categories":[35,37],"tags":[],"_links":{"self":[{"href":"https:\/\/www.ecuadortimes.net\/es\/wp-json\/wp\/v2\/posts\/205641"}],"collection":[{"href":"https:\/\/www.ecuadortimes.net\/es\/wp-json\/wp\/v2\/posts"}],"about":[{"href":"https:\/\/www.ecuadortimes.net\/es\/wp-json\/wp\/v2\/types\/post"}],"author":[{"embeddable":true,"href":"https:\/\/www.ecuadortimes.net\/es\/wp-json\/wp\/v2\/users\/1"}],"replies":[{"embeddable":true,"href":"https:\/\/www.ecuadortimes.net\/es\/wp-json\/wp\/v2\/comments?post=205641"}],"version-history":[{"count":0,"href":"https:\/\/www.ecuadortimes.net\/es\/wp-json\/wp\/v2\/posts\/205641\/revisions"}],"wp:featuredmedia":[{"embeddable":true,"href":"https:\/\/www.ecuadortimes.net\/es\/wp-json\/wp\/v2\/media\/205642"}],"wp:attachment":[{"href":"https:\/\/www.ecuadortimes.net\/es\/wp-json\/wp\/v2\/media?parent=205641"}],"wp:term":[{"taxonomy":"category","embeddable":true,"href":"https:\/\/www.ecuadortimes.net\/es\/wp-json\/wp\/v2\/categories?post=205641"},{"taxonomy":"post_tag","embeddable":true,"href":"https:\/\/www.ecuadortimes.net\/es\/wp-json\/wp\/v2\/tags?post=205641"}],"curies":[{"name":"wp","href":"https:\/\/api.w.org\/{rel}","templated":true}]}}