{"id":205645,"date":"2011-03-13T00:00:00","date_gmt":"2011-03-13T00:00:00","guid":{"rendered":"https:\/\/www.ecuadortimes.net\/es\/mas-de-100-manifestantes-fueron-heridos-en-yemen\/"},"modified":"2011-03-13T00:00:00","modified_gmt":"2011-03-13T00:00:00","slug":"mas-de-100-manifestantes-fueron-heridos-en-yemen","status":"publish","type":"post","link":"https:\/\/www.ecuadortimes.net\/es\/mas-de-100-manifestantes-fueron-heridos-en-yemen\/","title":{"rendered":"M\u00e1s de 100 manifestantes fueron heridos en Yemen"},"content":{"rendered":"<p><a rel=\"attachment wp-att-20930\" href=\"http:\/\/www.ecuadortimes.net\/es\/2011\/03\/13\/mas-de-100-manifestantes-fueron-heridos-en-yemen\/1298044712_0-2\/\"><img loading=\"lazy\" class=\"alignleft size-full wp-image-20930\" title=\"Polic\u00eda de Yemen y aliados del gobierno atacan a manifestantes\" src=\"https:\/\/www.ecuadortimes.net\/es\/wp-content\/uploads\/2011\/03\/1298044712_01.jpg\" alt=\"\" width=\"343\" height=\"229\" \/><\/a>Este domingo los polic\u00edas de Yemen abrieron fuego, desde un punto alto, contra los manifestantes que acamparon cerca de la Universidad de San\u00e1. El ataque dej\u00f3 a m\u00e1s de cien heridos, esta es la m\u00e1s reciente acci\u00f3n violenta contra protestantes que demandan la renuncia del presidente de Yemen, Al\u00ed Abdula Sal\u00e9h, debido a que gobierna Yemen por 32 a\u00f1os.<\/p>\n<p>Oficiales de polic\u00eda y aliados del gobierno atacaron a los demostradores con macanas y cuchillos, inform\u00f3 Mohammed al-Abahi, un doctor en un hospital improvisado cerca de la universidad. Los civiles fueron intoxicados por gases y uno de ellos fue herido por una bala perdida. Mientras tanto en el sur de la provincia de Ad\u00e9n, un grupo de manifestantes irrumpi\u00f3 en una estaci\u00f3n de polic\u00eda para robar armas. En la provincia de Taiz, varios enfrentamientos ocurrieron entre los manifestantes y los polic\u00edas, dejando un total de cuatro heridos.<\/p>\n<p>Las protestas en Yemen comenzaron en febrero, los manifestantes acusaron al gobierno de Sal\u00e9h como d\u00e9bil y expresaron su desagrado ante las dificultades para repeler a los miembros de al-Qaida. Los manifestantes demandan la renuncia del presidente Sal\u00e9h, quien se rehusa a terminar sus 30 a\u00f1os de gobierno. Mientras tanto el general de la divisi\u00f3n, Abdel Il\u00e1 al-Qadi inform\u00f3 a la prensa que ten\u00eda intenciones de visitar a los manifestantes de San\u00e1.<\/p>\n<p>Fuente: AP<\/p>\n","protected":false},"excerpt":{"rendered":"<p>Este domingo los polic\u00edas de Yemen abrieron fuego, desde un punto alto, contra los manifestantes que acamparon cerca de la Universidad de San\u00e1. El ataque dej\u00f3 a m\u00e1s de cien heridos, esta es la m\u00e1s reciente acci\u00f3n violenta contra protestantes que demandan la renuncia del presidente de Yemen, Al\u00ed Abdula Sal\u00e9h, debido a que gobierna Yemen por 32 a\u00f1os. Oficiales de polic\u00eda y aliados del gobierno atacaron a los demostradores con macanas y cuchillos, inform\u00f3 Mohammed al-Abahi, un doctor en un hospital improvisado cerca de la universidad. Los civiles fueron intoxicados por gases y uno de ellos fue herido por una bala perdida. Mientras tanto en el sur de la provincia de Ad\u00e9n, un grupo de manifestantes irrumpi\u00f3 en una estaci\u00f3n de polic\u00eda para robar armas. En la provincia de Taiz, varios enfrentamientos ocurrieron entre los manifestantes y los polic\u00edas, dejando un total de cuatro heridos. Las protestas en Yemen comenzaron en febrero, los manifestantes acusaron al gobierno de Sal\u00e9h como d\u00e9bil y expresaron su desagrado ante las dificultades para repeler a los miembros de al-Qaida. Los manifestantes demandan la renuncia del presidente Sal\u00e9h, quien se rehusa a terminar sus 30 a\u00f1os de gobierno. Mientras tanto el general de la divisi\u00f3n, Abdel Il\u00e1 al-Qadi inform\u00f3 a la prensa que ten\u00eda intenciones de visitar a los manifestantes de San\u00e1. Fuente: AP<\/p>\n","protected":false},"author":1,"featured_media":205646,"comment_status":"open","ping_status":"open","sticky":false,"template":"","format":"standard","meta":[],"categories":[34,37],"tags":[],"_links":{"self":[{"href":"https:\/\/www.ecuadortimes.net\/es\/wp-json\/wp\/v2\/posts\/205645"}],"collection":[{"href":"https:\/\/www.ecuadortimes.net\/es\/wp-json\/wp\/v2\/posts"}],"about":[{"href":"https:\/\/www.ecuadortimes.net\/es\/wp-json\/wp\/v2\/types\/post"}],"author":[{"embeddable":true,"href":"https:\/\/www.ecuadortimes.net\/es\/wp-json\/wp\/v2\/users\/1"}],"replies":[{"embeddable":true,"href":"https:\/\/www.ecuadortimes.net\/es\/wp-json\/wp\/v2\/comments?post=205645"}],"version-history":[{"count":0,"href":"https:\/\/www.ecuadortimes.net\/es\/wp-json\/wp\/v2\/posts\/205645\/revisions"}],"wp:featuredmedia":[{"embeddable":true,"href":"https:\/\/www.ecuadortimes.net\/es\/wp-json\/wp\/v2\/media\/205646"}],"wp:attachment":[{"href":"https:\/\/www.ecuadortimes.net\/es\/wp-json\/wp\/v2\/media?parent=205645"}],"wp:term":[{"taxonomy":"category","embeddable":true,"href":"https:\/\/www.ecuadortimes.net\/es\/wp-json\/wp\/v2\/categories?post=205645"},{"taxonomy":"post_tag","embeddable":true,"href":"https:\/\/www.ecuadortimes.net\/es\/wp-json\/wp\/v2\/tags?post=205645"}],"curies":[{"name":"wp","href":"https:\/\/api.w.org\/{rel}","templated":true}]}}