{"id":205651,"date":"2011-03-14T00:00:00","date_gmt":"2011-03-14T00:00:00","guid":{"rendered":"https:\/\/www.ecuadortimes.net\/es\/libros-que-viajan-por-guayaquil\/"},"modified":"2011-03-14T00:00:00","modified_gmt":"2011-03-14T00:00:00","slug":"libros-que-viajan-por-guayaquil","status":"publish","type":"post","link":"https:\/\/www.ecuadortimes.net\/es\/libros-que-viajan-por-guayaquil\/","title":{"rendered":"Libros que viajan por Guayaquil"},"content":{"rendered":"<p style=\"text-align: justify;\">La campa\u00f1a prolectura El Libro Viajero\u009d, promovida por Diario y Fundaci\u00f3n El Universo, inicia hoy. Se trata de un proyecto para impulsar la lectura entre la ciudadan\u00eda, para ello, se repartir\u00e1n 117 ejemplares de t\u00edtulos de novelas, poemarios, ensayos y cuentos en lugares p\u00fablicos como el malec\u00f3n Sim\u00f3n Bol\u00edvar, los parques Seminario y Centenario, el Centro C\u00edvico, la terminal terrestre Jaime Rold\u00f3s Aguilera o el aeropuerto Jos\u00e9 Joaqu\u00edn de Olmedo, para que personas los encuentren y los lean.<\/p>\n<p style=\"text-align: justify;\">Pueden llev\u00e1rselo a su casa (el libro), pero tampoco debe dejarlo en su biblioteca o en un caj\u00f3n guardado\u009d, dice Paquita Calder\u00f3n, integrante del equipo de trabajo del proyecto, porque el objetivo es que el texto circule por personas que est\u00e9n interesadas en hacer de la lectura un h\u00e1bito.<\/p>\n<p style=\"text-align: justify;\">Los adhesivos en la funda y en el libro, un separador, el sticker que sella la funda y las p\u00e1ginas con los sellos de la Fundaci\u00f3n y el Diario son el distintivo de los t\u00edtulos que pertenecen al proyecto. Calder\u00f3n afirma que no se ha establecido un tiempo l\u00edmite de lectura, pero la persona que encuentre el libro debe procurar leerlo en m\u00e1ximo tres semanas, y luego devolverlo a un lugar p\u00fablico dentro de la funda distintiva del proyecto para que cada texto llegue a un promedio de ocho lectores.<\/p>\n<p style=\"text-align: justify;\">Fuente: El Universo<\/p>\n","protected":false},"excerpt":{"rendered":"<p>La campa\u00f1a prolectura El Libro Viajero\u009d, promovida por Diario y Fundaci\u00f3n El Universo, inicia hoy. Se trata de un proyecto para impulsar la lectura entre la ciudadan\u00eda, para ello, se repartir\u00e1n 117 ejemplares de t\u00edtulos de novelas, poemarios, ensayos y cuentos en lugares p\u00fablicos como el malec\u00f3n Sim\u00f3n Bol\u00edvar, los parques Seminario y Centenario, el Centro C\u00edvico, la terminal terrestre Jaime Rold\u00f3s Aguilera o el aeropuerto Jos\u00e9 Joaqu\u00edn de Olmedo, para que personas los encuentren y los lean. Pueden llev\u00e1rselo a su casa (el libro), pero tampoco debe dejarlo en su biblioteca o en un caj\u00f3n guardado\u009d, dice Paquita Calder\u00f3n, integrante del equipo de trabajo del proyecto, porque el objetivo es que el texto circule por personas que est\u00e9n interesadas en hacer de la lectura un h\u00e1bito. Los adhesivos en la funda y en el libro, un separador, el sticker que sella la funda y las p\u00e1ginas con los sellos de la Fundaci\u00f3n y el Diario son el distintivo de los t\u00edtulos que pertenecen al proyecto. Calder\u00f3n afirma que no se ha establecido un tiempo l\u00edmite de lectura, pero la persona que encuentre el libro debe procurar leerlo en m\u00e1ximo tres semanas, y luego devolverlo a un lugar p\u00fablico dentro de la funda distintiva del proyecto para que cada texto llegue a un promedio de ocho lectores. Fuente: El Universo<\/p>\n","protected":false},"author":1,"featured_media":205652,"comment_status":"open","ping_status":"open","sticky":false,"template":"","format":"standard","meta":[],"categories":[35,37],"tags":[],"_links":{"self":[{"href":"https:\/\/www.ecuadortimes.net\/es\/wp-json\/wp\/v2\/posts\/205651"}],"collection":[{"href":"https:\/\/www.ecuadortimes.net\/es\/wp-json\/wp\/v2\/posts"}],"about":[{"href":"https:\/\/www.ecuadortimes.net\/es\/wp-json\/wp\/v2\/types\/post"}],"author":[{"embeddable":true,"href":"https:\/\/www.ecuadortimes.net\/es\/wp-json\/wp\/v2\/users\/1"}],"replies":[{"embeddable":true,"href":"https:\/\/www.ecuadortimes.net\/es\/wp-json\/wp\/v2\/comments?post=205651"}],"version-history":[{"count":0,"href":"https:\/\/www.ecuadortimes.net\/es\/wp-json\/wp\/v2\/posts\/205651\/revisions"}],"wp:featuredmedia":[{"embeddable":true,"href":"https:\/\/www.ecuadortimes.net\/es\/wp-json\/wp\/v2\/media\/205652"}],"wp:attachment":[{"href":"https:\/\/www.ecuadortimes.net\/es\/wp-json\/wp\/v2\/media?parent=205651"}],"wp:term":[{"taxonomy":"category","embeddable":true,"href":"https:\/\/www.ecuadortimes.net\/es\/wp-json\/wp\/v2\/categories?post=205651"},{"taxonomy":"post_tag","embeddable":true,"href":"https:\/\/www.ecuadortimes.net\/es\/wp-json\/wp\/v2\/tags?post=205651"}],"curies":[{"name":"wp","href":"https:\/\/api.w.org\/{rel}","templated":true}]}}