{"id":205655,"date":"2011-03-14T00:00:00","date_gmt":"2011-03-14T00:00:00","guid":{"rendered":"https:\/\/www.ecuadortimes.net\/es\/mel-gibson-no-ira-a-prision\/"},"modified":"2011-03-14T00:00:00","modified_gmt":"2011-03-14T00:00:00","slug":"mel-gibson-no-ira-a-prision","status":"publish","type":"post","link":"https:\/\/www.ecuadortimes.net\/es\/mel-gibson-no-ira-a-prision\/","title":{"rendered":"Mel Gibson no ir\u00e1 a prisi\u00f3n"},"content":{"rendered":"<div id=\"attachment_21001\" style=\"width: 154px\" class=\"wp-caption alignleft\"><a href=\"http:\/\/www.ecuadortimes.net\/es\/2011\/03\/14\/mel-gibson-no-ira-a-prision\/mel_gibson-2\/\" rel=\"attachment wp-att-21001\"><img aria-describedby=\"caption-attachment-21001\" loading=\"lazy\" class=\"size-medium wp-image-21001\" title=\"Mel Gibson llega a un acuerdo con la fiscal\u00eda\" src=\"https:\/\/www.ecuadortimes.net\/es\/wp-content\/uploads\/2011\/03\/mel_gibson1-205x300.jpg\" alt=\"Mel Gibson llega a un acuerdo con la fiscal\u00eda\" width=\"144\" height=\"210\" \/><\/a><p id=\"caption-attachment-21001\" class=\"wp-caption-text\">Mel Gibson llega a un acuerdo con la fiscal\u00eda<\/p><\/div>\n<p>El famoso actor, <strong>Mel Gibson<\/strong>, no ir\u00eda a prisi\u00f3n por los presuntos cargos de malos tratos a su ex novia,<strong> Oksana Grigorieva<\/strong>. El pasado viernes la Justicia de California inform\u00f3 que despu\u00e9s de un arreglo con el fiscal, se tom\u00f3 la decisi\u00f3n de no usar los cargos de violencia de g\u00e9nero.<\/p>\n<p>Gibson, de 55 a\u00f1os, estar\u00e1 en <strong>tres a\u00f1os de libertad condicional<\/strong>. El actor deber\u00e1 asistir a un programa de gesti\u00f3n de la violencia y tendr\u00e1 que realizar 16 horas de servicios comunitarios. El actor tambi\u00e9n deber\u00e1 pagar una multa de $400.<\/p>\n<p>En enero de 2010, Gibson fue <strong><a href=\"http:\/\/www.ecuadortimes.net\/es\/2010\/11\/15\/gibson-admite-agresiones-hacia-su-ex-novia\/\">acusado<\/a><\/strong> con cargos de asalto por parte de Grigorieva, con quien actualmente pelea la custodia de su hija, Lucia. (AV)<\/p>\n<p><strong><br \/>\n<\/strong><\/p>\n","protected":false},"excerpt":{"rendered":"<p>El famoso actor, Mel Gibson, no ir\u00eda a prisi\u00f3n por los presuntos cargos de malos tratos a su ex novia, Oksana Grigorieva. El pasado viernes la Justicia de California inform\u00f3 que despu\u00e9s de un arreglo con el fiscal, se tom\u00f3 la decisi\u00f3n de no usar los cargos de violencia de g\u00e9nero. Gibson, de 55 a\u00f1os, estar\u00e1 en tres a\u00f1os de libertad condicional. El actor deber\u00e1 asistir a un programa de gesti\u00f3n de la violencia y tendr\u00e1 que realizar 16 horas de servicios comunitarios. El actor tambi\u00e9n deber\u00e1 pagar una multa de $400. En enero de 2010, Gibson fue acusado con cargos de asalto por parte de Grigorieva, con quien actualmente pelea la custodia de su hija, Lucia. (AV)<\/p>\n","protected":false},"author":1,"featured_media":205656,"comment_status":"open","ping_status":"open","sticky":false,"template":"","format":"standard","meta":[],"categories":[44,37],"tags":[],"_links":{"self":[{"href":"https:\/\/www.ecuadortimes.net\/es\/wp-json\/wp\/v2\/posts\/205655"}],"collection":[{"href":"https:\/\/www.ecuadortimes.net\/es\/wp-json\/wp\/v2\/posts"}],"about":[{"href":"https:\/\/www.ecuadortimes.net\/es\/wp-json\/wp\/v2\/types\/post"}],"author":[{"embeddable":true,"href":"https:\/\/www.ecuadortimes.net\/es\/wp-json\/wp\/v2\/users\/1"}],"replies":[{"embeddable":true,"href":"https:\/\/www.ecuadortimes.net\/es\/wp-json\/wp\/v2\/comments?post=205655"}],"version-history":[{"count":0,"href":"https:\/\/www.ecuadortimes.net\/es\/wp-json\/wp\/v2\/posts\/205655\/revisions"}],"wp:featuredmedia":[{"embeddable":true,"href":"https:\/\/www.ecuadortimes.net\/es\/wp-json\/wp\/v2\/media\/205656"}],"wp:attachment":[{"href":"https:\/\/www.ecuadortimes.net\/es\/wp-json\/wp\/v2\/media?parent=205655"}],"wp:term":[{"taxonomy":"category","embeddable":true,"href":"https:\/\/www.ecuadortimes.net\/es\/wp-json\/wp\/v2\/categories?post=205655"},{"taxonomy":"post_tag","embeddable":true,"href":"https:\/\/www.ecuadortimes.net\/es\/wp-json\/wp\/v2\/tags?post=205655"}],"curies":[{"name":"wp","href":"https:\/\/api.w.org\/{rel}","templated":true}]}}