{"id":205657,"date":"2011-03-14T00:00:00","date_gmt":"2011-03-14T00:00:00","guid":{"rendered":"https:\/\/www.ecuadortimes.net\/es\/rusia-pide-a-la-poblacion-japonesa-que-se-desplace-a-siberia\/"},"modified":"2011-03-14T00:00:00","modified_gmt":"2011-03-14T00:00:00","slug":"rusia-pide-a-la-poblacion-japonesa-que-se-desplace-a-siberia","status":"publish","type":"post","link":"https:\/\/www.ecuadortimes.net\/es\/rusia-pide-a-la-poblacion-japonesa-que-se-desplace-a-siberia\/","title":{"rendered":"Rusia pide a la poblaci\u00f3n japonesa que se desplace a Siberia"},"content":{"rendered":"<p style=\"text-align: justify;\">Vladimir Zhirinovski, vicepresidente de la Duma (C\u00e1mara baja rusa) y jefe del partido liberal-dem\u00f3crata LDPR, propuso a Jap\u00f3n el domingo que desplace su poblaci\u00f3n hacia los espacios desocupados de Rusia.<\/p>\n<p style=\"text-align: justify;\">&#8220;Luego de los \u00faltimos acontecimientos en Jap\u00f3n, la fracci\u00f3n parlamentaria LDPR propuso al gobierno ruso que proponga a los japoneses iniciar consultas sobre la cuesti\u00f3n de un desplazamiento de (sus) habitantes hacia el territorio ruso&#8221;, declar\u00f3 Zhirinovski.<\/p>\n<p style=\"text-align: justify;\">&#8220;Se trata de una amenaza de desaparici\u00f3n de la naci\u00f3n japonesa en un futuro pr\u00f3ximo&#8221;, destac\u00f3 Zhirinovski. &#8220;Tenemos mucho espacio. Se puede dar empleo a cerebros y brazos, en particular a los japoneses&#8221;, agreg\u00f3.<\/p>\n<p style=\"text-align: justify;\">&#8220;Para nosotros no se trata de compartir islas, proponemos evitar una cat\u00e1strofe humanitaria. Que vayan all\u00ed donde hay lugar, que construyan, que se instalen, no molestar\u00e1n, y Rusia tiene todo para ganar al recibir a un pueblo tan trabajador&#8221;, declar\u00f3 Zhirinovski.<\/p>\n<p style=\"text-align: justify;\">La disputa por las Kuriles del sur, cuatro islas situadas al norte de Jap\u00f3n, anexadas por la URSS en 1945 y que Tokio reclama en vano ha impedido que los dos pa\u00edses firmen un tratado de paz.<\/p>\n<p style=\"text-align: justify;\">Fuente: AP<\/p>\n","protected":false},"excerpt":{"rendered":"<p>Vladimir Zhirinovski, vicepresidente de la Duma (C\u00e1mara baja rusa) y jefe del partido liberal-dem\u00f3crata LDPR, propuso a Jap\u00f3n el domingo que desplace su poblaci\u00f3n hacia los espacios desocupados de Rusia. &#8220;Luego de los \u00faltimos acontecimientos en Jap\u00f3n, la fracci\u00f3n parlamentaria LDPR propuso al gobierno ruso que proponga a los japoneses iniciar consultas sobre la cuesti\u00f3n de un desplazamiento de (sus) habitantes hacia el territorio ruso&#8221;, declar\u00f3 Zhirinovski. &#8220;Se trata de una amenaza de desaparici\u00f3n de la naci\u00f3n japonesa en un futuro pr\u00f3ximo&#8221;, destac\u00f3 Zhirinovski. &#8220;Tenemos mucho espacio. Se puede dar empleo a cerebros y brazos, en particular a los japoneses&#8221;, agreg\u00f3. &#8220;Para nosotros no se trata de compartir islas, proponemos evitar una cat\u00e1strofe humanitaria. Que vayan all\u00ed donde hay lugar, que construyan, que se instalen, no molestar\u00e1n, y Rusia tiene todo para ganar al recibir a un pueblo tan trabajador&#8221;, declar\u00f3 Zhirinovski. La disputa por las Kuriles del sur, cuatro islas situadas al norte de Jap\u00f3n, anexadas por la URSS en 1945 y que Tokio reclama en vano ha impedido que los dos pa\u00edses firmen un tratado de paz. Fuente: AP<\/p>\n","protected":false},"author":1,"featured_media":205658,"comment_status":"open","ping_status":"open","sticky":false,"template":"","format":"standard","meta":[],"categories":[36,37],"tags":[],"_links":{"self":[{"href":"https:\/\/www.ecuadortimes.net\/es\/wp-json\/wp\/v2\/posts\/205657"}],"collection":[{"href":"https:\/\/www.ecuadortimes.net\/es\/wp-json\/wp\/v2\/posts"}],"about":[{"href":"https:\/\/www.ecuadortimes.net\/es\/wp-json\/wp\/v2\/types\/post"}],"author":[{"embeddable":true,"href":"https:\/\/www.ecuadortimes.net\/es\/wp-json\/wp\/v2\/users\/1"}],"replies":[{"embeddable":true,"href":"https:\/\/www.ecuadortimes.net\/es\/wp-json\/wp\/v2\/comments?post=205657"}],"version-history":[{"count":0,"href":"https:\/\/www.ecuadortimes.net\/es\/wp-json\/wp\/v2\/posts\/205657\/revisions"}],"wp:featuredmedia":[{"embeddable":true,"href":"https:\/\/www.ecuadortimes.net\/es\/wp-json\/wp\/v2\/media\/205658"}],"wp:attachment":[{"href":"https:\/\/www.ecuadortimes.net\/es\/wp-json\/wp\/v2\/media?parent=205657"}],"wp:term":[{"taxonomy":"category","embeddable":true,"href":"https:\/\/www.ecuadortimes.net\/es\/wp-json\/wp\/v2\/categories?post=205657"},{"taxonomy":"post_tag","embeddable":true,"href":"https:\/\/www.ecuadortimes.net\/es\/wp-json\/wp\/v2\/tags?post=205657"}],"curies":[{"name":"wp","href":"https:\/\/api.w.org\/{rel}","templated":true}]}}