{"id":205659,"date":"2011-03-14T00:00:00","date_gmt":"2011-03-14T00:00:00","guid":{"rendered":"https:\/\/www.ecuadortimes.net\/es\/hoy-se-inaugura-cumbre-ambientalista-en-ecuador\/"},"modified":"2011-03-14T00:00:00","modified_gmt":"2011-03-14T00:00:00","slug":"hoy-se-inaugura-cumbre-ambientalista-en-ecuador","status":"publish","type":"post","link":"https:\/\/www.ecuadortimes.net\/es\/hoy-se-inaugura-cumbre-ambientalista-en-ecuador\/","title":{"rendered":"Hoy se inaugura cumbre ambientalista en Ecuador"},"content":{"rendered":"<p>En Guayaquil hoy inicia la Cumbre Internacional de Medio Ambiente (CIMA), con el prop\u00f3sito de promocionar al Ecuador como un pa\u00eds ambientalista. La cita se dar\u00e1 en el Centro\u00a0de Convenciones de Guayaquil a las 20h00, donde se dar\u00e1 un coctel de inauguraci\u00f3n.<\/p>\n<p>Ma\u00f1ana se llevar\u00e1 a cabo la primera parte del congreso acad\u00e9mico que abarcar\u00e1 temas empresariales, t\u00e9cnico-ambientales y sociales. Alguno de los puntos a tratarse en el congreso ser\u00e1n la responsabilidad social y corporativa, los servicios ambientales, la comunicaci\u00f3n verde, el turismo y desarrollo financiero sostenible. Otros t\u00f3picos expuestos ser\u00e1n los servicios para el desarrollo local, los empresariales, de recursos naturales, de log\u00edstica y transporte, de energ\u00edas renovables y de Gobierno.<br \/>\nExistir\u00e1n stands sobre RSE Ambiental (empresas que no solo satisfacen al consumidor, sino que se preocupan por el bienestar de la comunidad), de productos y servicios. Adem\u00e1s se planean futuras visitas a empresas nacionales con el objetivo de que los asistentes conozcan los procesos productivos sostenibles, empleados por compa\u00f1\u00edas del pa\u00eds.<\/p>\n<p>La clausura de esta Cumbre ser\u00e1 este jueves 17, mismo d\u00eda en el que se llevar\u00e1 a cabo una carrera de 5km.;\u00a0la partida ser\u00e1 en las calles Jos\u00e9 Castillo y Fco. De Orellana, Kennedy Norte. Las inscripciones tendr\u00e1n un costo de $ 10. El monto ser\u00e1 donado a la iniciativa Yasun\u00ed-ITT para no explotar el petr\u00f3leo de esta reserva.<\/p>\n<p>&nbsp;<\/p>\n<p>&nbsp;<\/p>\n<p>Fuente: Diario El Universo<\/p>\n","protected":false},"excerpt":{"rendered":"<p>En Guayaquil hoy inicia la Cumbre Internacional de Medio Ambiente (CIMA), con el prop\u00f3sito de promocionar al Ecuador como un pa\u00eds ambientalista. La cita se dar\u00e1 en el Centro\u00a0de Convenciones de Guayaquil a las 20h00, donde se dar\u00e1 un coctel de inauguraci\u00f3n. Ma\u00f1ana se llevar\u00e1 a cabo la primera parte del congreso acad\u00e9mico que abarcar\u00e1 temas empresariales, t\u00e9cnico-ambientales y sociales. Alguno de los puntos a tratarse en el congreso ser\u00e1n la responsabilidad social y corporativa, los servicios ambientales, la comunicaci\u00f3n verde, el turismo y desarrollo financiero sostenible. Otros t\u00f3picos expuestos ser\u00e1n los servicios para el desarrollo local, los empresariales, de recursos naturales, de log\u00edstica y transporte, de energ\u00edas renovables y de Gobierno. Existir\u00e1n stands sobre RSE Ambiental (empresas que no solo satisfacen al consumidor, sino que se preocupan por el bienestar de la comunidad), de productos y servicios. Adem\u00e1s se planean futuras visitas a empresas nacionales con el objetivo de que los asistentes conozcan los procesos productivos sostenibles, empleados por compa\u00f1\u00edas del pa\u00eds. La clausura de esta Cumbre ser\u00e1 este jueves 17, mismo d\u00eda en el que se llevar\u00e1 a cabo una carrera de 5km.;\u00a0la partida ser\u00e1 en las calles Jos\u00e9 Castillo y Fco. De Orellana, Kennedy Norte. Las inscripciones tendr\u00e1n un costo de $ 10. El monto ser\u00e1 donado a la iniciativa Yasun\u00ed-ITT para no explotar el petr\u00f3leo de esta reserva. &nbsp; &nbsp; Fuente: Diario El Universo<\/p>\n","protected":false},"author":1,"featured_media":205660,"comment_status":"open","ping_status":"open","sticky":false,"template":"","format":"standard","meta":[],"categories":[35,37],"tags":[],"_links":{"self":[{"href":"https:\/\/www.ecuadortimes.net\/es\/wp-json\/wp\/v2\/posts\/205659"}],"collection":[{"href":"https:\/\/www.ecuadortimes.net\/es\/wp-json\/wp\/v2\/posts"}],"about":[{"href":"https:\/\/www.ecuadortimes.net\/es\/wp-json\/wp\/v2\/types\/post"}],"author":[{"embeddable":true,"href":"https:\/\/www.ecuadortimes.net\/es\/wp-json\/wp\/v2\/users\/1"}],"replies":[{"embeddable":true,"href":"https:\/\/www.ecuadortimes.net\/es\/wp-json\/wp\/v2\/comments?post=205659"}],"version-history":[{"count":0,"href":"https:\/\/www.ecuadortimes.net\/es\/wp-json\/wp\/v2\/posts\/205659\/revisions"}],"wp:featuredmedia":[{"embeddable":true,"href":"https:\/\/www.ecuadortimes.net\/es\/wp-json\/wp\/v2\/media\/205660"}],"wp:attachment":[{"href":"https:\/\/www.ecuadortimes.net\/es\/wp-json\/wp\/v2\/media?parent=205659"}],"wp:term":[{"taxonomy":"category","embeddable":true,"href":"https:\/\/www.ecuadortimes.net\/es\/wp-json\/wp\/v2\/categories?post=205659"},{"taxonomy":"post_tag","embeddable":true,"href":"https:\/\/www.ecuadortimes.net\/es\/wp-json\/wp\/v2\/tags?post=205659"}],"curies":[{"name":"wp","href":"https:\/\/api.w.org\/{rel}","templated":true}]}}