{"id":205663,"date":"2011-03-14T00:00:00","date_gmt":"2011-03-14T00:00:00","guid":{"rendered":"https:\/\/www.ecuadortimes.net\/es\/retorno-de-valencia-es-recibido-con-grandes-expectativas\/"},"modified":"2011-03-14T00:00:00","modified_gmt":"2011-03-14T00:00:00","slug":"retorno-de-valencia-es-recibido-con-grandes-expectativas","status":"publish","type":"post","link":"https:\/\/www.ecuadortimes.net\/es\/retorno-de-valencia-es-recibido-con-grandes-expectativas\/","title":{"rendered":"Retorno de Valencia es recibido con grandes expectativas"},"content":{"rendered":"<p><a rel=\"attachment wp-att-21032\" href=\"http:\/\/www.ecuadortimes.net\/es\/2011\/03\/14\/retorno-de-valencia-es-recibido-con-grandes-expectativas\/antonio-valencia-1-4\/\"><img loading=\"lazy\" class=\"alignleft size-medium wp-image-21032\" title=\"Antonio Valencia y Wayne Rooney\" src=\"https:\/\/www.ecuadortimes.net\/es\/wp-content\/uploads\/2011\/03\/antonio-valencia-11-300x200.jpg\" alt=\"\" width=\"270\" height=\"180\" \/><\/a>El s\u00e1bado pasado, el jugador ecuatoriano Antonio Valencia regres\u00f3 al campo de juego despu\u00e9s de casi seis meses en recuperaci\u00f3n por una lesi\u00f3n sufrida en la tibia y el peron\u00e9. Sus fan\u00e1ticos del Ecuador y el Manchester United celebraron el regreso de Valencia.<\/p>\n<p>La afici\u00f3n en el Old Trafford expres\u00f3 su entusiasmo cuando Valencia hizo su aparici\u00f3n en el campo de juego el s\u00e1bado pasado. El famoso jugador de f\u00fatbol, Wayne Rooney dijo que es muy bueno que este de vuelta. Ha pasado mucho tiempo para que Valencia pueda regresar. El jugador ecuatoriano no ha jugado desde septiembre del a\u00f1o pasado cuando sufri\u00f3 una terrible lesi\u00f3n.<\/p>\n<p>Sin embargo, Valencia jug\u00f3 45 minutos en un partido contra el Arsenal y parec\u00eda como si nunca hubiera dejado de jugar. Valencia lleg\u00f3 en el momento exacto debido a que muchos jugadores claves han sufrido lesiones.<\/p>\n<p>Fuente: El Universo<\/p>\n","protected":false},"excerpt":{"rendered":"<p>El s\u00e1bado pasado, el jugador ecuatoriano Antonio Valencia regres\u00f3 al campo de juego despu\u00e9s de casi seis meses en recuperaci\u00f3n por una lesi\u00f3n sufrida en la tibia y el peron\u00e9. Sus fan\u00e1ticos del Ecuador y el Manchester United celebraron el regreso de Valencia. La afici\u00f3n en el Old Trafford expres\u00f3 su entusiasmo cuando Valencia hizo su aparici\u00f3n en el campo de juego el s\u00e1bado pasado. El famoso jugador de f\u00fatbol, Wayne Rooney dijo que es muy bueno que este de vuelta. Ha pasado mucho tiempo para que Valencia pueda regresar. El jugador ecuatoriano no ha jugado desde septiembre del a\u00f1o pasado cuando sufri\u00f3 una terrible lesi\u00f3n. Sin embargo, Valencia jug\u00f3 45 minutos en un partido contra el Arsenal y parec\u00eda como si nunca hubiera dejado de jugar. Valencia lleg\u00f3 en el momento exacto debido a que muchos jugadores claves han sufrido lesiones. Fuente: El Universo<\/p>\n","protected":false},"author":1,"featured_media":205664,"comment_status":"open","ping_status":"open","sticky":false,"template":"","format":"standard","meta":[],"categories":[39,37],"tags":[],"_links":{"self":[{"href":"https:\/\/www.ecuadortimes.net\/es\/wp-json\/wp\/v2\/posts\/205663"}],"collection":[{"href":"https:\/\/www.ecuadortimes.net\/es\/wp-json\/wp\/v2\/posts"}],"about":[{"href":"https:\/\/www.ecuadortimes.net\/es\/wp-json\/wp\/v2\/types\/post"}],"author":[{"embeddable":true,"href":"https:\/\/www.ecuadortimes.net\/es\/wp-json\/wp\/v2\/users\/1"}],"replies":[{"embeddable":true,"href":"https:\/\/www.ecuadortimes.net\/es\/wp-json\/wp\/v2\/comments?post=205663"}],"version-history":[{"count":0,"href":"https:\/\/www.ecuadortimes.net\/es\/wp-json\/wp\/v2\/posts\/205663\/revisions"}],"wp:featuredmedia":[{"embeddable":true,"href":"https:\/\/www.ecuadortimes.net\/es\/wp-json\/wp\/v2\/media\/205664"}],"wp:attachment":[{"href":"https:\/\/www.ecuadortimes.net\/es\/wp-json\/wp\/v2\/media?parent=205663"}],"wp:term":[{"taxonomy":"category","embeddable":true,"href":"https:\/\/www.ecuadortimes.net\/es\/wp-json\/wp\/v2\/categories?post=205663"},{"taxonomy":"post_tag","embeddable":true,"href":"https:\/\/www.ecuadortimes.net\/es\/wp-json\/wp\/v2\/tags?post=205663"}],"curies":[{"name":"wp","href":"https:\/\/api.w.org\/{rel}","templated":true}]}}