{"id":205665,"date":"2011-03-14T00:00:00","date_gmt":"2011-03-14T00:00:00","guid":{"rendered":"https:\/\/www.ecuadortimes.net\/es\/lo-nuevo-de-mana\/"},"modified":"2011-03-14T00:00:00","modified_gmt":"2011-03-14T00:00:00","slug":"lo-nuevo-de-mana","status":"publish","type":"post","link":"https:\/\/www.ecuadortimes.net\/es\/lo-nuevo-de-mana\/","title":{"rendered":"Lo nuevo de Man\u00e1"},"content":{"rendered":"<div>\n<p style=\"text-align: justify\">La banda de rock latino Man\u00e1 vuelve a ocupar puestos en los Top Charts con el lanzamiento de su nueva canci\u00f3n Lluvia al coraz\u00f3n\u009d, el primer sencillo de su m\u00e1s reciente material discogr\u00e1fico Drama y Luz\u009d.<\/p>\n<p style=\"text-align: justify\">En medio de mucha expectativa por parte de los fans y cinco a\u00f1os de espera, la banda mexicana lanza su \u00faltimo \u00e1lbum, un disco que fue grabado en Los Angeles (California), Brasil y Puerto Vallarta (M\u00e9xico).<\/p>\n<p style=\"text-align: justify\">Lluvia al coraz\u00f3n\u009d podr\u00e1 descargarse digitalmente en las tiendas de iTunes a partir de ma\u00f1ana.<\/p>\n<p style=\"text-align: center\"><span class=\"youtube\"><iframe loading=\"lazy\" title=\"YouTube video player\" class=\"youtube-player\" type=\"text\/html\" width=\"425\" height=\"344\" src=\"\/\/www.youtube.com\/embed\/WP02KfFYujk?wmode=transparent&amp;fs=1&amp;hl=en&amp;modestbranding=1&amp;iv_load_policy=3&amp;showsearch=0&amp;rel=1&amp;theme=dark\" frameborder=\"0\" allowfullscreen><\/iframe><\/span><\/p>\n<\/div>\n","protected":false},"excerpt":{"rendered":"<p>La banda de rock latino Man\u00e1 vuelve a ocupar puestos en los Top Charts con el lanzamiento de su nueva canci\u00f3n Lluvia al coraz\u00f3n\u009d, el primer sencillo de su m\u00e1s reciente material discogr\u00e1fico Drama y Luz\u009d. En medio de mucha expectativa por parte de los fans y cinco a\u00f1os de espera, la banda mexicana lanza su \u00faltimo \u00e1lbum, un disco que fue grabado en Los Angeles (California), Brasil y Puerto Vallarta (M\u00e9xico). Lluvia al coraz\u00f3n\u009d podr\u00e1 descargarse digitalmente en las tiendas de iTunes a partir de ma\u00f1ana.<\/p>\n","protected":false},"author":1,"featured_media":205666,"comment_status":"open","ping_status":"open","sticky":false,"template":"","format":"standard","meta":[],"categories":[44,37],"tags":[],"_links":{"self":[{"href":"https:\/\/www.ecuadortimes.net\/es\/wp-json\/wp\/v2\/posts\/205665"}],"collection":[{"href":"https:\/\/www.ecuadortimes.net\/es\/wp-json\/wp\/v2\/posts"}],"about":[{"href":"https:\/\/www.ecuadortimes.net\/es\/wp-json\/wp\/v2\/types\/post"}],"author":[{"embeddable":true,"href":"https:\/\/www.ecuadortimes.net\/es\/wp-json\/wp\/v2\/users\/1"}],"replies":[{"embeddable":true,"href":"https:\/\/www.ecuadortimes.net\/es\/wp-json\/wp\/v2\/comments?post=205665"}],"version-history":[{"count":0,"href":"https:\/\/www.ecuadortimes.net\/es\/wp-json\/wp\/v2\/posts\/205665\/revisions"}],"wp:featuredmedia":[{"embeddable":true,"href":"https:\/\/www.ecuadortimes.net\/es\/wp-json\/wp\/v2\/media\/205666"}],"wp:attachment":[{"href":"https:\/\/www.ecuadortimes.net\/es\/wp-json\/wp\/v2\/media?parent=205665"}],"wp:term":[{"taxonomy":"category","embeddable":true,"href":"https:\/\/www.ecuadortimes.net\/es\/wp-json\/wp\/v2\/categories?post=205665"},{"taxonomy":"post_tag","embeddable":true,"href":"https:\/\/www.ecuadortimes.net\/es\/wp-json\/wp\/v2\/tags?post=205665"}],"curies":[{"name":"wp","href":"https:\/\/api.w.org\/{rel}","templated":true}]}}