{"id":205667,"date":"2011-03-14T00:00:00","date_gmt":"2011-03-14T00:00:00","guid":{"rendered":"https:\/\/www.ecuadortimes.net\/es\/beso-entre-shakira-y-pique-confirma-romance\/"},"modified":"2011-03-14T00:00:00","modified_gmt":"2011-03-14T00:00:00","slug":"beso-entre-shakira-y-pique-confirma-romance","status":"publish","type":"post","link":"https:\/\/www.ecuadortimes.net\/es\/beso-entre-shakira-y-pique-confirma-romance\/","title":{"rendered":"Beso entre Shakira y pique confirma romance"},"content":{"rendered":"<p>L<a href=\"http:\/\/www.ecuadortimes.net\/es\/2011\/03\/14\/beso-entre-shakira-y-pique-confirma-romance\/shakira1-3\/\" rel=\"attachment wp-att-21064\"><img loading=\"lazy\" class=\"alignright size-medium wp-image-21064\" alt=\"\" src=\"https:\/\/www.ecuadortimes.net\/es\/wp-content\/uploads\/2011\/03\/Shakira12-192x300.jpg\" width=\"192\" height=\"300\" \/><\/a>os rumores sobre la relaci\u00f3n entre la cantante colombiana Shakira y el futbolista espa\u00f1ol Gerard Piqu\u00e9 se confirmaron luego de publicarse mundialmente unas fotos en la \u00faltima edici\u00f3n de la revista Caras en Colombia, donde se muestran muy enamorados en mitad de un beso.<\/p>\n<p>La directora editorial de la revista Caras, que circula en Colombia, Per\u00fa y Ecuador, no quiso revelar el monto que se pag\u00f3 por la compra del paquete de 15 fotos, luego de tener decenas de fot\u00f3grafos ofreciendo diferentes combos. En esta tiraje quincena, la revista decidi\u00f3 lanzar una edici\u00f3n especial imprimiendo 260.000 ejemplares, el doble de lo habitual.<\/p>\n<p>Varios periodistas que cubrieron una presentaci\u00f3n publicitaria en Madrid donde se encontraba el jugador Piqu\u00e9, al preguntarle sobre las fotos tomadas, \u00e9ste\u00a0se refiri\u00f3 a las fotos entre su colega deportista Iker Casillas e Sara Carbonero. Despu\u00e9s de que haya confesado aun no haber visto las fotos entre \u00e9l y Shakira publicada en la revista colombiana, piqu\u00e9 expres\u00f3 ri\u00e9ndose &#8220;El beso es bonito&#8221;.<\/p>\n<p>&#8220;No s\u00e9 si este sea el a\u00f1o m\u00e1s feliz de mi vida, pero ahora mismo estoy viviendo un momento muy bonito. Estoy enamorado tambi\u00e9n, y espero que todo siga as\u00ed&#8221;, agreg\u00f3 Piqu\u00e9, de acuerdo con lo publicado por El Pa\u00eds.<\/p>\n<p>Las im\u00e1genes fueron captadas durante la celebraci\u00f3n del cumplea\u00f1os de la pareja, ya que cumplen el mismo d\u00eda. Shakira no solo se fotografi\u00f3 con jugadores como Leonel Messi y Carles Puyol, sino que tambi\u00e9n tuvo la oportunidad de posar ante el lente de la c\u00e1mara en compa\u00f1\u00eda de los padres de Gerard.<\/p>\n<p>&nbsp;<\/p>\n<p>Fuente: Diario El Universo<\/p>\n","protected":false},"excerpt":{"rendered":"<p>Los rumores sobre la relaci\u00f3n entre la cantante colombiana Shakira y el futbolista espa\u00f1ol Gerard Piqu\u00e9 se confirmaron luego de publicarse mundialmente unas fotos en la \u00faltima edici\u00f3n de la revista Caras en Colombia, donde se muestran muy enamorados en mitad de un beso. La directora editorial de la revista Caras, que circula en Colombia, Per\u00fa y Ecuador, no quiso revelar el monto que se pag\u00f3 por la compra del paquete de 15 fotos, luego de tener decenas de fot\u00f3grafos ofreciendo diferentes combos. En esta tiraje quincena, la revista decidi\u00f3 lanzar una edici\u00f3n especial imprimiendo 260.000 ejemplares, el doble de lo habitual. Varios periodistas que cubrieron una presentaci\u00f3n publicitaria en Madrid donde se encontraba el jugador Piqu\u00e9, al preguntarle sobre las fotos tomadas, \u00e9ste\u00a0se refiri\u00f3 a las fotos entre su colega deportista Iker Casillas e Sara Carbonero. Despu\u00e9s de que haya confesado aun no haber visto las fotos entre \u00e9l y Shakira publicada en la revista colombiana, piqu\u00e9 expres\u00f3 ri\u00e9ndose &#8220;El beso es bonito&#8221;. &#8220;No s\u00e9 si este sea el a\u00f1o m\u00e1s feliz de mi vida, pero ahora mismo estoy viviendo un momento muy bonito. Estoy enamorado tambi\u00e9n, y espero que todo siga as\u00ed&#8221;, agreg\u00f3 Piqu\u00e9, de acuerdo con lo publicado por El Pa\u00eds. Las im\u00e1genes fueron captadas durante la celebraci\u00f3n del cumplea\u00f1os de la pareja, ya que cumplen el mismo d\u00eda. Shakira no solo se fotografi\u00f3 con jugadores como Leonel Messi y Carles Puyol, sino que tambi\u00e9n tuvo la oportunidad de posar ante el lente de la c\u00e1mara en compa\u00f1\u00eda de los padres de Gerard. &nbsp; Fuente: Diario El Universo<\/p>\n","protected":false},"author":1,"featured_media":205668,"comment_status":"open","ping_status":"open","sticky":false,"template":"","format":"standard","meta":[],"categories":[44,37],"tags":[],"_links":{"self":[{"href":"https:\/\/www.ecuadortimes.net\/es\/wp-json\/wp\/v2\/posts\/205667"}],"collection":[{"href":"https:\/\/www.ecuadortimes.net\/es\/wp-json\/wp\/v2\/posts"}],"about":[{"href":"https:\/\/www.ecuadortimes.net\/es\/wp-json\/wp\/v2\/types\/post"}],"author":[{"embeddable":true,"href":"https:\/\/www.ecuadortimes.net\/es\/wp-json\/wp\/v2\/users\/1"}],"replies":[{"embeddable":true,"href":"https:\/\/www.ecuadortimes.net\/es\/wp-json\/wp\/v2\/comments?post=205667"}],"version-history":[{"count":0,"href":"https:\/\/www.ecuadortimes.net\/es\/wp-json\/wp\/v2\/posts\/205667\/revisions"}],"wp:featuredmedia":[{"embeddable":true,"href":"https:\/\/www.ecuadortimes.net\/es\/wp-json\/wp\/v2\/media\/205668"}],"wp:attachment":[{"href":"https:\/\/www.ecuadortimes.net\/es\/wp-json\/wp\/v2\/media?parent=205667"}],"wp:term":[{"taxonomy":"category","embeddable":true,"href":"https:\/\/www.ecuadortimes.net\/es\/wp-json\/wp\/v2\/categories?post=205667"},{"taxonomy":"post_tag","embeddable":true,"href":"https:\/\/www.ecuadortimes.net\/es\/wp-json\/wp\/v2\/tags?post=205667"}],"curies":[{"name":"wp","href":"https:\/\/api.w.org\/{rel}","templated":true}]}}