{"id":205669,"date":"2011-03-15T00:00:00","date_gmt":"2011-03-15T00:00:00","guid":{"rendered":"https:\/\/www.ecuadortimes.net\/es\/101-inscritos-para-hacer-propaganda-sobre-el-referendum-ecuatoriano\/"},"modified":"2011-03-15T00:00:00","modified_gmt":"2011-03-15T00:00:00","slug":"101-inscritos-para-hacer-propaganda-sobre-el-referendum-ecuatoriano","status":"publish","type":"post","link":"https:\/\/www.ecuadortimes.net\/es\/101-inscritos-para-hacer-propaganda-sobre-el-referendum-ecuatoriano\/","title":{"rendered":"101 inscritos para hacer propaganda sobre el refer\u00e9ndum ecuatoriano"},"content":{"rendered":"<p>La convocatoria del Consejo Nacional Electoral (CNE) a las organizaciones sociales y pol\u00edticas a que se inscriban para la campa\u00f1a electoral del refer\u00e9ndum y consulta popular que se realizar\u00e1 el pr\u00f3ximo 7 de mayo rebas\u00f3 las expectativas del organismo.<\/p>\n<p>En cinco d\u00edas (desde el 9 hasta al 13 de marzo), 100 organizaciones sociales, partidos y movimientos pol\u00edticos se inscribieron a nivel nacional, de los cuales 79 lo hicieron en el CNE, en Quito, y 21 en las distintas delegaciones provinciales.<\/p>\n<p>A estas 100 se suma la calificaci\u00f3n directa al presidente Rafael Correa mediante resoluci\u00f3n del CNE para que sea sujeto pol\u00edtico y participe de las franjas publicitarias.<\/p>\n<p>De las 79 que se inscribieron en la capital, 36 lo hicieron por el S\u00ed a las diez preguntas y 24 por el No.\u00a0Mientras tanto, 18 se presentaron a favor del S\u00ed en algunas preguntas y por el No en otras. Una organizaci\u00f3n se inscribi\u00f3 sin especificar el respaldo o rechazo al proceso convocado por el primer mandatario, Rafael Correa.<\/p>\n<p>Ayer, la direcci\u00f3n de Fiscalizaci\u00f3n y Financiamiento Pol\u00edtico del Consejo Electoral inici\u00f3 la revisi\u00f3n de los requisitos (contadores y responsables econ\u00f3micos) para participar en la campa\u00f1a electoral que arrancar\u00e1 el 26 de marzo y terminar\u00e1 el 4 de mayo pr\u00f3ximo, tres d\u00edas antes del proceso electoral.<\/p>\n<p>Fuente: Diario El Universo<\/p>\n","protected":false},"excerpt":{"rendered":"<p>La convocatoria del Consejo Nacional Electoral (CNE) a las organizaciones sociales y pol\u00edticas a que se inscriban para la campa\u00f1a electoral del refer\u00e9ndum y consulta popular que se realizar\u00e1 el pr\u00f3ximo 7 de mayo rebas\u00f3 las expectativas del organismo. En cinco d\u00edas (desde el 9 hasta al 13 de marzo), 100 organizaciones sociales, partidos y movimientos pol\u00edticos se inscribieron a nivel nacional, de los cuales 79 lo hicieron en el CNE, en Quito, y 21 en las distintas delegaciones provinciales. A estas 100 se suma la calificaci\u00f3n directa al presidente Rafael Correa mediante resoluci\u00f3n del CNE para que sea sujeto pol\u00edtico y participe de las franjas publicitarias. De las 79 que se inscribieron en la capital, 36 lo hicieron por el S\u00ed a las diez preguntas y 24 por el No.\u00a0Mientras tanto, 18 se presentaron a favor del S\u00ed en algunas preguntas y por el No en otras. Una organizaci\u00f3n se inscribi\u00f3 sin especificar el respaldo o rechazo al proceso convocado por el primer mandatario, Rafael Correa. Ayer, la direcci\u00f3n de Fiscalizaci\u00f3n y Financiamiento Pol\u00edtico del Consejo Electoral inici\u00f3 la revisi\u00f3n de los requisitos (contadores y responsables econ\u00f3micos) para participar en la campa\u00f1a electoral que arrancar\u00e1 el 26 de marzo y terminar\u00e1 el 4 de mayo pr\u00f3ximo, tres d\u00edas antes del proceso electoral. Fuente: Diario El Universo<\/p>\n","protected":false},"author":1,"featured_media":205670,"comment_status":"open","ping_status":"open","sticky":false,"template":"","format":"standard","meta":[],"categories":[40,37],"tags":[],"_links":{"self":[{"href":"https:\/\/www.ecuadortimes.net\/es\/wp-json\/wp\/v2\/posts\/205669"}],"collection":[{"href":"https:\/\/www.ecuadortimes.net\/es\/wp-json\/wp\/v2\/posts"}],"about":[{"href":"https:\/\/www.ecuadortimes.net\/es\/wp-json\/wp\/v2\/types\/post"}],"author":[{"embeddable":true,"href":"https:\/\/www.ecuadortimes.net\/es\/wp-json\/wp\/v2\/users\/1"}],"replies":[{"embeddable":true,"href":"https:\/\/www.ecuadortimes.net\/es\/wp-json\/wp\/v2\/comments?post=205669"}],"version-history":[{"count":0,"href":"https:\/\/www.ecuadortimes.net\/es\/wp-json\/wp\/v2\/posts\/205669\/revisions"}],"wp:featuredmedia":[{"embeddable":true,"href":"https:\/\/www.ecuadortimes.net\/es\/wp-json\/wp\/v2\/media\/205670"}],"wp:attachment":[{"href":"https:\/\/www.ecuadortimes.net\/es\/wp-json\/wp\/v2\/media?parent=205669"}],"wp:term":[{"taxonomy":"category","embeddable":true,"href":"https:\/\/www.ecuadortimes.net\/es\/wp-json\/wp\/v2\/categories?post=205669"},{"taxonomy":"post_tag","embeddable":true,"href":"https:\/\/www.ecuadortimes.net\/es\/wp-json\/wp\/v2\/tags?post=205669"}],"curies":[{"name":"wp","href":"https:\/\/api.w.org\/{rel}","templated":true}]}}