{"id":205673,"date":"2011-03-15T00:00:00","date_gmt":"2011-03-15T00:00:00","guid":{"rendered":"https:\/\/www.ecuadortimes.net\/es\/el-vaticano-inicio-cuenta-regresiva-para-beatificacion-de-juan-pablo-ii\/"},"modified":"2011-03-15T00:00:00","modified_gmt":"2011-03-15T00:00:00","slug":"el-vaticano-inicio-cuenta-regresiva-para-beatificacion-de-juan-pablo-ii","status":"publish","type":"post","link":"https:\/\/www.ecuadortimes.net\/es\/el-vaticano-inicio-cuenta-regresiva-para-beatificacion-de-juan-pablo-ii\/","title":{"rendered":"El Vaticano inici\u00f3 cuenta regresiva para beatificaci\u00f3n de Juan Pablo II"},"content":{"rendered":"<p style=\"text-align: justify;\">El Vaticano inici\u00f3 el lunes la cuenta regresiva para la beatificaci\u00f3n del papa Juan Pablo II, colocando un video en YouTube de su famoso primer discurso papal, cuando el pont\u00edfice de origen polaco le pidi\u00f3 a la multitud romana en la plaza de San Pedro que le corrigiese si comet\u00eda errores en italiano.<\/p>\n<p style=\"text-align: justify;\">El video fue uno de varios de los a\u00f1os iniciales del pontificado de Juan Pablo II colocado en el canal del Vaticano en YouTube y enlazado a su nueva p\u00e1gina en Facebook antes de la beatificaci\u00f3n del 1 de mayo. Ambas publicaciones se hicieron el lunes pasado, seg\u00fan inform\u00f3 The Associated Press.<\/p>\n<p style=\"text-align: justify;\">Juan Pablo fue uno de los papas m\u00e1s queridos por los fieles, un incansable viajero que falleci\u00f3 en el 2005 luego de un pontificado de 27 a\u00f1os. El papa Benedicto XVI puso a Juan Pablo en un proceso acelerado para una posible canonizaci\u00f3n luego de que gritos de &#8220;\u00a1Santo subito!&#8221; (\u00a1Santidad inmediata!) brotasen durante su misa funeraria. En enero, Benedicto aprob\u00f3 el milagro necesario para la beatificaci\u00f3n y fij\u00f3 la fecha para la ceremonia.<\/p>\n<p style=\"text-align: justify;\">Se espera que el evento del 1 de mayo, que pudiera atraer hasta dos millones de peregrinos a Roma, sea un importante impulso moral para una iglesia a\u00fan sacudida por los esc\u00e1ndalos de abuso sexual de menores por el clero. El esc\u00e1ndalo ha manchado el legado de Juan Pablo, pues \u00e9l encabez\u00f3 la iglesia cuando ocurrieron muchos de los abusos y su encubrimiento.<\/p>\n<p style=\"text-align: justify;\">Fuente: AP<\/p>\n<p style=\"text-align: center;\"><a href=\"http:\/\/www.youtube.com\/watch?v=uPtKVeJKoYM\">httpv:\/\/www.youtube.com\/watch?v=uPtKVeJKoYM<\/a><\/p>\n","protected":false},"excerpt":{"rendered":"<p>El Vaticano inici\u00f3 el lunes la cuenta regresiva para la beatificaci\u00f3n del papa Juan Pablo II, colocando un video en YouTube de su famoso primer discurso papal, cuando el pont\u00edfice de origen polaco le pidi\u00f3 a la multitud romana en la plaza de San Pedro que le corrigiese si comet\u00eda errores en italiano. El video fue uno de varios de los a\u00f1os iniciales del pontificado de Juan Pablo II colocado en el canal del Vaticano en YouTube y enlazado a su nueva p\u00e1gina en Facebook antes de la beatificaci\u00f3n del 1 de mayo. Ambas publicaciones se hicieron el lunes pasado, seg\u00fan inform\u00f3 The Associated Press. Juan Pablo fue uno de los papas m\u00e1s queridos por los fieles, un incansable viajero que falleci\u00f3 en el 2005 luego de un pontificado de 27 a\u00f1os. El papa Benedicto XVI puso a Juan Pablo en un proceso acelerado para una posible canonizaci\u00f3n luego de que gritos de &#8220;\u00a1Santo subito!&#8221; (\u00a1Santidad inmediata!) brotasen durante su misa funeraria. En enero, Benedicto aprob\u00f3 el milagro necesario para la beatificaci\u00f3n y fij\u00f3 la fecha para la ceremonia. Se espera que el evento del 1 de mayo, que pudiera atraer hasta dos millones de peregrinos a Roma, sea un importante impulso moral para una iglesia a\u00fan sacudida por los esc\u00e1ndalos de abuso sexual de menores por el clero. El esc\u00e1ndalo ha manchado el legado de Juan Pablo, pues \u00e9l encabez\u00f3 la iglesia cuando ocurrieron muchos de los abusos y su encubrimiento. Fuente: AP httpv:\/\/www.youtube.com\/watch?v=uPtKVeJKoYM<\/p>\n","protected":false},"author":1,"featured_media":205674,"comment_status":"open","ping_status":"open","sticky":false,"template":"","format":"standard","meta":[],"categories":[36,37],"tags":[],"_links":{"self":[{"href":"https:\/\/www.ecuadortimes.net\/es\/wp-json\/wp\/v2\/posts\/205673"}],"collection":[{"href":"https:\/\/www.ecuadortimes.net\/es\/wp-json\/wp\/v2\/posts"}],"about":[{"href":"https:\/\/www.ecuadortimes.net\/es\/wp-json\/wp\/v2\/types\/post"}],"author":[{"embeddable":true,"href":"https:\/\/www.ecuadortimes.net\/es\/wp-json\/wp\/v2\/users\/1"}],"replies":[{"embeddable":true,"href":"https:\/\/www.ecuadortimes.net\/es\/wp-json\/wp\/v2\/comments?post=205673"}],"version-history":[{"count":0,"href":"https:\/\/www.ecuadortimes.net\/es\/wp-json\/wp\/v2\/posts\/205673\/revisions"}],"wp:featuredmedia":[{"embeddable":true,"href":"https:\/\/www.ecuadortimes.net\/es\/wp-json\/wp\/v2\/media\/205674"}],"wp:attachment":[{"href":"https:\/\/www.ecuadortimes.net\/es\/wp-json\/wp\/v2\/media?parent=205673"}],"wp:term":[{"taxonomy":"category","embeddable":true,"href":"https:\/\/www.ecuadortimes.net\/es\/wp-json\/wp\/v2\/categories?post=205673"},{"taxonomy":"post_tag","embeddable":true,"href":"https:\/\/www.ecuadortimes.net\/es\/wp-json\/wp\/v2\/tags?post=205673"}],"curies":[{"name":"wp","href":"https:\/\/api.w.org\/{rel}","templated":true}]}}