{"id":205675,"date":"2011-03-15T00:00:00","date_gmt":"2011-03-15T00:00:00","guid":{"rendered":"https:\/\/www.ecuadortimes.net\/es\/3-373-muertos-y-mas-de-10-000-desaparecidos-en-japon\/"},"modified":"2011-03-15T00:00:00","modified_gmt":"2011-03-15T00:00:00","slug":"3-373-muertos-y-mas-de-10-000-desaparecidos-en-japon","status":"publish","type":"post","link":"https:\/\/www.ecuadortimes.net\/es\/3-373-muertos-y-mas-de-10-000-desaparecidos-en-japon\/","title":{"rendered":"3.373 muertos y m\u00e1s de 10.000 desaparecidos en Jap\u00f3n"},"content":{"rendered":"<div>\n<div>La Polic\u00eda japonesa ha reportado que la cifra de muertos luego del terremoto y tsunami que sacudi\u00f3 el territorio nip\u00f3n asciende a 1.900, mientras que los desaparecidos superan los 3.000.&nbsp;<\/p>\n<p style=\"text-align: justify;\">Sin embargo, el n\u00famero de v\u00edctimas podr\u00eda aumentar dram\u00e1ticamente, ya que en la costa de la provincia de Miyagi, que fue la m\u00e1s afectada, se han hallado al rededor 2.000 cad\u00e1veres y otros 200 o 300 cuerpos fueron localizados en su capital, Sendai.<\/p>\n<div style=\"text-align: justify;\">En la localidad de Minamisanriku, tambi\u00e9n en Miyagi, 9.500 personas a\u00fan no han podido ser localizadas por las autoridades, que emprendieron su b\u00fasqueda desde el pasado viernes, la mitad de la poblaci\u00f3n, aunque se cree que algunos pudieron refugiarse en pueblos vecinos, informa la agencia local Kyodo.\u00a0Adem\u00e1s, se desconoce el paradero de 8.000 residentes del pueblo costero de Otsuchi, en la provincia de Iwate.Un equipo de aproximadamente 100.000 militares trabajan la zona nordeste de Jap\u00f3n en busca de v\u00edctimas arrastradas por la ola gigante de diez metros, mientras que 550.000 habitantes han sido evacuados a causa del desastre.<\/div>\n<div style=\"text-align: justify;\"><\/div>\n<\/div>\n<\/div>\n","protected":false},"excerpt":{"rendered":"<p>La Polic\u00eda japonesa ha reportado que la cifra de muertos luego del terremoto y tsunami que sacudi\u00f3 el territorio nip\u00f3n asciende a 1.900, mientras que los desaparecidos superan los 3.000.&nbsp; Sin embargo, el n\u00famero de v\u00edctimas podr\u00eda aumentar dram\u00e1ticamente, ya que en la costa de la provincia de Miyagi, que fue la m\u00e1s afectada, se han hallado al rededor 2.000 cad\u00e1veres y otros 200 o 300 cuerpos fueron localizados en su capital, Sendai. En la localidad de Minamisanriku, tambi\u00e9n en Miyagi, 9.500 personas a\u00fan no han podido ser localizadas por las autoridades, que emprendieron su b\u00fasqueda desde el pasado viernes, la mitad de la poblaci\u00f3n, aunque se cree que algunos pudieron refugiarse en pueblos vecinos, informa la agencia local Kyodo.\u00a0Adem\u00e1s, se desconoce el paradero de 8.000 residentes del pueblo costero de Otsuchi, en la provincia de Iwate.Un equipo de aproximadamente 100.000 militares trabajan la zona nordeste de Jap\u00f3n en busca de v\u00edctimas arrastradas por la ola gigante de diez metros, mientras que 550.000 habitantes han sido evacuados a causa del desastre.<\/p>\n","protected":false},"author":1,"featured_media":205676,"comment_status":"open","ping_status":"open","sticky":false,"template":"","format":"standard","meta":[],"categories":[36,37],"tags":[],"_links":{"self":[{"href":"https:\/\/www.ecuadortimes.net\/es\/wp-json\/wp\/v2\/posts\/205675"}],"collection":[{"href":"https:\/\/www.ecuadortimes.net\/es\/wp-json\/wp\/v2\/posts"}],"about":[{"href":"https:\/\/www.ecuadortimes.net\/es\/wp-json\/wp\/v2\/types\/post"}],"author":[{"embeddable":true,"href":"https:\/\/www.ecuadortimes.net\/es\/wp-json\/wp\/v2\/users\/1"}],"replies":[{"embeddable":true,"href":"https:\/\/www.ecuadortimes.net\/es\/wp-json\/wp\/v2\/comments?post=205675"}],"version-history":[{"count":0,"href":"https:\/\/www.ecuadortimes.net\/es\/wp-json\/wp\/v2\/posts\/205675\/revisions"}],"wp:featuredmedia":[{"embeddable":true,"href":"https:\/\/www.ecuadortimes.net\/es\/wp-json\/wp\/v2\/media\/205676"}],"wp:attachment":[{"href":"https:\/\/www.ecuadortimes.net\/es\/wp-json\/wp\/v2\/media?parent=205675"}],"wp:term":[{"taxonomy":"category","embeddable":true,"href":"https:\/\/www.ecuadortimes.net\/es\/wp-json\/wp\/v2\/categories?post=205675"},{"taxonomy":"post_tag","embeddable":true,"href":"https:\/\/www.ecuadortimes.net\/es\/wp-json\/wp\/v2\/tags?post=205675"}],"curies":[{"name":"wp","href":"https:\/\/api.w.org\/{rel}","templated":true}]}}